{"id":9252,"date":"2022-09-20T06:59:03","date_gmt":"2022-09-20T04:59:03","guid":{"rendered":"https:\/\/ssrei.ch\/?p=9252"},"modified":"2023-03-22T10:03:10","modified_gmt":"2023-03-22T08:03:10","slug":"interview-avec-barbara-buser","status":"publish","type":"post","link":"https:\/\/ssrei.ch\/fr\/interview-avec-barbara-buser\/","title":{"rendered":"Interview avec Barbara Buser"},"content":{"rendered":"<h5>Barbara Buser, fondatrice et partenaire d&rsquo;in situ, s&rsquo;entretient sur l&rsquo;\u00e9nergie grise et l&rsquo;\u00e9conomie circulaire dans l&rsquo;immobilier.<\/h5>\n<p>Barbara Buser, architecte dipl\u00f4m\u00e9e de l\u2019EPF, est la fondatrice de baub\u00fcro in situ ag, qu&rsquo;elle dirige avec d&rsquo;autres partenaires. Elle est consid\u00e9r\u00e9e comme la pionni\u00e8re de l&rsquo;\u00e9conomie circulaire dans le domaine de la construction et de l&rsquo;immobilier, o\u00f9 elle a initi\u00e9 et mis en \u0153uvre divers projets qui lui ont valu d\u2019\u00eatre r\u00e9compens\u00e9e par de nombreux prix. Le Holcim Global Gold Award for Sustainable Construction pour le b\u00e2timent <a href=\"https:\/\/www.holcimfoundation.org\/awards\/6th-cycle\/europe\/Winners\">\u00ab\u00a0K.118\u00a0\u00bb<\/a> \u00e0 Winterthour lors de la Biennale d&rsquo;architecture de Venise n&rsquo;est qu&rsquo;un exemple \u00e9minent. Madame Buser est \u00e9galement conf\u00e9renci\u00e8re invit\u00e9e \u00e0 l&rsquo;EPF de Zurich.<\/p>\n<h5><strong><span style=\"color: #ff9900;\">Interview avec Barbara Buser :<\/span><\/strong><br \/>\nbaub\u00fcro in situ ag, B\u00e2le und Zurich<\/h5>\n<p><em>Qui \u00eates-vous ?<\/em><\/p>\n<p>Je suis architecte de formation, j&rsquo;ai beaucoup construit et je me suis sp\u00e9cialis\u00e9e dans les projets de reconversion. La construction et la durabilit\u00e9 me tiennent \u00e0 c\u0153ur et je m&rsquo;y engage dans de nombreuses initiatives et projets.<\/p>\n<p><em>Le monde entier se rend en Europe pour admirer les b\u00e2timents impressionnants qui remontent au Moyen \u00c2ge. Aujourd&rsquo;hui, nous consid\u00e9rons que l&rsquo;\u00e9nergie grise est amortie au bout de 60 ans et donnons ainsi carte blanche \u00e0 la d\u00e9molition. Qu&rsquo;en pensez-vous ?<\/em><\/p>\n<p>L&rsquo;amortissement sur 60 ans est une convention purement \u00e9conomique qui n&rsquo;a jusqu&rsquo;\u00e0 pr\u00e9sent rien \u00e0 voir avec l&rsquo;\u00e9nergie grise. Une maison qui est amortie en termes de valeur mon\u00e9taire est donc souvent d\u00e9molie pour des consid\u00e9rations de rendement. Du point de vue de la consommation des ressources, c&rsquo;est pourtant une catastrophe ! La construction d&rsquo;un nouveau b\u00e2timent ne se justifie que si sa structure est en tr\u00e8s mauvais \u00e9tat et que les possibilit\u00e9s de densification du b\u00e2timent existant sont limit\u00e9es.<\/p>\n<p><em>Il serait judicieux de r\u00e9utiliser au moins les composants, si possible. \u2026<\/em><\/p>\n<p>Correct. La hi\u00e9rarchie est claire : conserver &#8211; r\u00e9utiliser &#8211; recycler. Malheureusement, chez nous, l&rsquo;accent est mis sur le recyclage, c&rsquo;est-\u00e0-dire sur la solution \u00ab end-of-pipe \u00bb.<\/p>\n<p><em>Quelle est la raison ?<\/em><\/p>\n<p>La r\u00e9utilisation syst\u00e9matique est tout simplement plus co\u00fbteuse. Les composants doivent \u00eatre tri\u00e9s, pr\u00e9par\u00e9s et \u00e9ventuellement adapt\u00e9s. Avec useagain.ch, par exemple, il existerait une bourse qui documenterait la disponibilit\u00e9 des composants et soutiendrait ainsi l&rsquo;\u00e9conomie circulaire. Celle-ci est toutefois encore trop peu populaire et peu utilis\u00e9e \u00e0 grande \u00e9chelle. Pour un march\u00e9 efficace, il faudrait mettre en place et d\u00e9velopper les structures n\u00e9cessaires.<\/p>\n<p><em>\u00c0 quoi devraient ressembler ces structures ?<\/em><\/p>\n<p>Une bourse aux composants ne suffit pas \u00e0 elle seule. Les fabricants de composants r\u00e9utilisables de haute qualit\u00e9 devraient mettre en place des structures de recyclage pour leurs produits &#8211; une obligation de reprise avec une taxe d&rsquo;\u00e9limination anticip\u00e9e, \u00e0 l\u2019instar de ce que nous connaissons dans l&rsquo;industrie \u00e9lectronique, aiderait certainement dans ce sens.<\/p>\n<p><em>La sensibilit\u00e9 est-elle tout simplement trop faible <\/em>?<\/p>\n<p>C&rsquo;est au plus tard avec les bouleversements actuels sur les march\u00e9s de l&rsquo;\u00e9nergie que nous commencerons \u00e0 comprendre ce qu&rsquo;est l&rsquo;\u00e9nergie grise. Tout deviendra plus cher, parce que chaque produit n\u00e9cessite de l&rsquo;\u00e9nergie pour sa fabrication. Mais les co\u00fbts du cycle de vie doivent \u00e9galement \u00eatre pris en compte. Les prix ne devraient pas seulement refl\u00e9ter l&rsquo;offre et la demande ici et maintenant, mais aussi inclure la durabilit\u00e9 et les co\u00fbts d&rsquo;\u00e9limination.<\/p>\n<p><em>L&rsquo;\u00e9nergie grise n&rsquo;est pas abord\u00e9e dans la strat\u00e9gie \u00e9nerg\u00e9tique 2050 &#8211; avec pour cons\u00e9quence que tous les efforts se concentrent unilat\u00e9ralement sur les \u00e9conomies d&rsquo;\u00e9nergie d&rsquo;exploitation &#8211; ce qui peut m\u00eame provoquer de nouvelles constructions de remplacement.<\/em><\/p>\n<p>Il est incontestable que le besoin en \u00e9nergie d&rsquo;exploitation est un aspect essentiel. Mais oui, la conscience de l&rsquo;\u00e9nergie grise doit encore \u00eatre cr\u00e9\u00e9e. Avec la sur\u00e9l\u00e9vation du K.118 \u00e0 Winterthour, en utilisant des \u00e9l\u00e9ments de construction d&rsquo;occasion plut\u00f4t que neufs, nous avons \u00e9conomis\u00e9 comparativement 500 tonnes de CO2, ce qui est \u00e9quivalent aux besoins en \u00e9nergie d&rsquo;exploitation de l&rsquo;ensemble du b\u00e2timent pour les 60 prochaines ann\u00e9es !<\/p>\n<p><em>Le secteur de la construction s&rsquo;attend \u00e0 une poursuite de la croissance en raison de l&rsquo;\u00e9volution d\u00e9mographique (vieillissement, migration, besoin de surface). Sera-t-il possible de r\u00e9pondre \u00e0 la demande de logements sans construire de nouveaux b\u00e2timents ?<\/em><\/p>\n<p>Tout comme nous ne r\u00e9soudrons pas le probl\u00e8me de la circulation en construisant toujours plus de routes, le d\u00e9veloppement inconsid\u00e9r\u00e9 des capacit\u00e9s de logement ne m\u00e8nera \u00e0 rien. Le c\u00e9l\u00e8bre architecte et urbaniste Daniel Fuhrhop a, par exemple, calcul\u00e9 qu&rsquo;en Allemagne, une redistribution et une densit\u00e9 d&rsquo;utilisation plus \u00e9lev\u00e9e &#8211; comme le font en Suisse quelques coop\u00e9ratives d&rsquo;habitation exemplaires &#8211; permettraient de mettre \u00e0 disposition jusqu&rsquo;\u00e0 100.000 logements par an.<\/p>\n<p><em>C&rsquo;est un d\u00e9fi organisationnel et cela implique un changement fondamental de mentalit\u00e9 dans la soci\u00e9t\u00e9, car les gens doivent \u00eatre pr\u00eats \u00e0 abandonner leur logement.<\/em><\/p>\n<p>Sans changement de mentalit\u00e9 et de comportement, nous ne parviendrons pas \u00e0 surmonter la crise \u00e9nerg\u00e9tique. Mais comme nous l&rsquo;avons d\u00e9j\u00e0 dit, le march\u00e9 y contribuera &#8211; en raison de la p\u00e9nurie d&rsquo;\u00e9nergie et de mati\u00e8res premi\u00e8res, les mat\u00e9riaux deviendront tout simplement plus chers. Et puis, les terrains \u00e0 b\u00e2tir se rar\u00e9fient en raison de la loi sur l&rsquo;am\u00e9nagement du territoire. Il n&rsquo;y a pratiquement plus de capacit\u00e9s disponibles dans les endroits bien situ\u00e9s. Tout cela va rendre logement plus cher et nous obliger \u00e0 nous rapprocher les uns des autres. Du c\u00f4t\u00e9 de la construction, le mot d&rsquo;ordre est de densifier avec des mat\u00e9riaux de construction r\u00e9utilis\u00e9s. Nous n&rsquo;arriverons pas \u00e0 nos fins autrement.<\/p>\n<p><em>Merci beaucoup, Madame Buser, pour le temps que vous nous avez consacr\u00e9 et pour cet entretien int\u00e9ressant.<\/em><\/p>\n<h5>Digression : l&rsquo;\u00e9nergie grise<\/h5>\n<p>L&rsquo;\u00e9nergie grise est l&rsquo;\u00e9nergie n\u00e9cessaire \u00e0 l&rsquo;extraction et \u00e0 la fabrication des mat\u00e9riaux, au stockage, au transport et \u00e0 la transformation des composants. Sont \u00e9galement pris en compte tous les produits interm\u00e9diaires ainsi que l&rsquo;\u00e9nergie utilis\u00e9e dans tous les processus de production et de transformation appliqu\u00e9s.<\/p>\n","protected":false},"excerpt":{"rendered":"<p>Barbara Buser, fondatrice et partenaire d&rsquo;in situ, s&rsquo;entretient sur l&rsquo;\u00e9nergie grise et l&rsquo;\u00e9conomie circulaire dans l&rsquo;immobilier. Barbara Buser, architecte dipl\u00f4m\u00e9e de l\u2019EPF, est la fondatrice de baub\u00fcro in situ ag, qu&rsquo;elle dirige avec d&rsquo;autres partenaires. Elle est consid\u00e9r\u00e9e comme la pionni\u00e8re de l&rsquo;\u00e9conomie circulaire dans le domaine de la construction et de l&rsquo;immobilier, o\u00f9 elle&#8230;<\/p>\n","protected":false},"author":5,"featured_media":9211,"comment_status":"open","ping_status":"open","sticky":false,"template":"","format":"standard","meta":{"_acf_changed":false,"footnotes":""},"categories":[9],"tags":[],"class_list":["post-9252","post","type-post","status-publish","format-standard","has-post-thumbnail","hentry","category-non-classifiee"],"acf":[],"yoast_head":"<!-- This site is optimized with the Yoast SEO plugin v27.2 - https:\/\/yoast.com\/product\/yoast-seo-wordpress\/ -->\n<title>Interview avec Barbara Buser - SSREI<\/title>\n<meta name=\"robots\" content=\"index, follow, max-snippet:-1, max-image-preview:large, max-video-preview:-1\" \/>\n<link rel=\"canonical\" href=\"https:\/\/ssrei.ch\/fr\/interview-avec-barbara-buser\/\" \/>\n<meta property=\"og:locale\" content=\"fr_FR\" \/>\n<meta property=\"og:type\" content=\"article\" \/>\n<meta property=\"og:title\" content=\"Interview avec Barbara Buser - SSREI\" \/>\n<meta property=\"og:description\" content=\"Barbara Buser, fondatrice et partenaire d&rsquo;in situ, s&rsquo;entretient sur l&rsquo;\u00e9nergie grise et l&rsquo;\u00e9conomie circulaire dans l&rsquo;immobilier. Barbara Buser, architecte dipl\u00f4m\u00e9e de l\u2019EPF, est la fondatrice de baub\u00fcro in situ ag, qu&rsquo;elle dirige avec d&rsquo;autres partenaires. Elle est consid\u00e9r\u00e9e comme la pionni\u00e8re de l&rsquo;\u00e9conomie circulaire dans le domaine de la construction et de l&rsquo;immobilier, o\u00f9 elle...\" \/>\n<meta property=\"og:url\" content=\"https:\/\/ssrei.ch\/fr\/interview-avec-barbara-buser\/\" \/>\n<meta property=\"og:site_name\" content=\"SSREI\" \/>\n<meta property=\"article:published_time\" content=\"2022-09-20T04:59:03+00:00\" \/>\n<meta property=\"article:modified_time\" content=\"2023-03-22T08:03:10+00:00\" \/>\n<meta property=\"og:image\" content=\"https:\/\/ssrei.ch\/wp-content\/uploads\/2022\/09\/IMG_2819-Kopie2.jpg\" \/>\n\t<meta property=\"og:image:width\" content=\"2286\" \/>\n\t<meta property=\"og:image:height\" content=\"1629\" \/>\n\t<meta property=\"og:image:type\" content=\"image\/jpeg\" \/>\n<meta name=\"author\" content=\"Elodie Gadola\" \/>\n<meta name=\"twitter:card\" content=\"summary_large_image\" \/>\n<meta name=\"twitter:label1\" content=\"\u00c9crit par\" \/>\n\t<meta name=\"twitter:data1\" content=\"Elodie Gadola\" \/>\n\t<meta name=\"twitter:label2\" content=\"Dur\u00e9e de lecture estim\u00e9e\" \/>\n\t<meta name=\"twitter:data2\" content=\"6 minutes\" \/>\n<script type=\"application\/ld+json\" class=\"yoast-schema-graph\">{\"@context\":\"https:\/\/schema.org\",\"@graph\":[{\"@type\":\"Article\",\"@id\":\"https:\/\/ssrei.ch\/fr\/interview-avec-barbara-buser\/#article\",\"isPartOf\":{\"@id\":\"https:\/\/ssrei.ch\/fr\/interview-avec-barbara-buser\/\"},\"author\":{\"name\":\"Elodie Gadola\",\"@id\":\"https:\/\/ssrei.ch\/#\/schema\/person\/7b00af919b1c488cf92a41df137eb49f\"},\"headline\":\"Interview avec Barbara Buser\",\"datePublished\":\"2022-09-20T04:59:03+00:00\",\"dateModified\":\"2023-03-22T08:03:10+00:00\",\"mainEntityOfPage\":{\"@id\":\"https:\/\/ssrei.ch\/fr\/interview-avec-barbara-buser\/\"},\"wordCount\":1074,\"commentCount\":0,\"image\":{\"@id\":\"https:\/\/ssrei.ch\/fr\/interview-avec-barbara-buser\/#primaryimage\"},\"thumbnailUrl\":\"https:\/\/ssrei.ch\/wp-content\/uploads\/2022\/09\/IMG_2819-Kopie2.jpg\",\"articleSection\":[\"Non classifi\u00e9(e)\"],\"inLanguage\":\"fr-FR\",\"potentialAction\":[{\"@type\":\"CommentAction\",\"name\":\"Comment\",\"target\":[\"https:\/\/ssrei.ch\/fr\/interview-avec-barbara-buser\/#respond\"]}]},{\"@type\":\"WebPage\",\"@id\":\"https:\/\/ssrei.ch\/fr\/interview-avec-barbara-buser\/\",\"url\":\"https:\/\/ssrei.ch\/fr\/interview-avec-barbara-buser\/\",\"name\":\"Interview avec Barbara Buser - SSREI\",\"isPartOf\":{\"@id\":\"https:\/\/ssrei.ch\/#website\"},\"primaryImageOfPage\":{\"@id\":\"https:\/\/ssrei.ch\/fr\/interview-avec-barbara-buser\/#primaryimage\"},\"image\":{\"@id\":\"https:\/\/ssrei.ch\/fr\/interview-avec-barbara-buser\/#primaryimage\"},\"thumbnailUrl\":\"https:\/\/ssrei.ch\/wp-content\/uploads\/2022\/09\/IMG_2819-Kopie2.jpg\",\"datePublished\":\"2022-09-20T04:59:03+00:00\",\"dateModified\":\"2023-03-22T08:03:10+00:00\",\"author\":{\"@id\":\"https:\/\/ssrei.ch\/#\/schema\/person\/7b00af919b1c488cf92a41df137eb49f\"},\"breadcrumb\":{\"@id\":\"https:\/\/ssrei.ch\/fr\/interview-avec-barbara-buser\/#breadcrumb\"},\"inLanguage\":\"fr-FR\",\"potentialAction\":[{\"@type\":\"ReadAction\",\"target\":[\"https:\/\/ssrei.ch\/fr\/interview-avec-barbara-buser\/\"]}]},{\"@type\":\"ImageObject\",\"inLanguage\":\"fr-FR\",\"@id\":\"https:\/\/ssrei.ch\/fr\/interview-avec-barbara-buser\/#primaryimage\",\"url\":\"https:\/\/ssrei.ch\/wp-content\/uploads\/2022\/09\/IMG_2819-Kopie2.jpg\",\"contentUrl\":\"https:\/\/ssrei.ch\/wp-content\/uploads\/2022\/09\/IMG_2819-Kopie2.jpg\",\"width\":2286,\"height\":1629},{\"@type\":\"BreadcrumbList\",\"@id\":\"https:\/\/ssrei.ch\/fr\/interview-avec-barbara-buser\/#breadcrumb\",\"itemListElement\":[{\"@type\":\"ListItem\",\"position\":1,\"name\":\"Home\",\"item\":\"https:\/\/ssrei.ch\/fr\/\"},{\"@type\":\"ListItem\",\"position\":2,\"name\":\"Interview avec Barbara Buser\"}]},{\"@type\":\"WebSite\",\"@id\":\"https:\/\/ssrei.ch\/#website\",\"url\":\"https:\/\/ssrei.ch\/\",\"name\":\"SSREI\",\"description\":\"Swiss Sustainable Real Estate Index\",\"potentialAction\":[{\"@type\":\"SearchAction\",\"target\":{\"@type\":\"EntryPoint\",\"urlTemplate\":\"https:\/\/ssrei.ch\/?s={search_term_string}\"},\"query-input\":{\"@type\":\"PropertyValueSpecification\",\"valueRequired\":true,\"valueName\":\"search_term_string\"}}],\"inLanguage\":\"fr-FR\"},{\"@type\":\"Person\",\"@id\":\"https:\/\/ssrei.ch\/#\/schema\/person\/7b00af919b1c488cf92a41df137eb49f\",\"name\":\"Elodie Gadola\",\"url\":\"https:\/\/ssrei.ch\/fr\/author\/elodie-gadola\/\"}]}<\/script>\n<!-- \/ Yoast SEO plugin. -->","yoast_head_json":{"title":"Interview avec Barbara Buser - SSREI","robots":{"index":"index","follow":"follow","max-snippet":"max-snippet:-1","max-image-preview":"max-image-preview:large","max-video-preview":"max-video-preview:-1"},"canonical":"https:\/\/ssrei.ch\/fr\/interview-avec-barbara-buser\/","og_locale":"fr_FR","og_type":"article","og_title":"Interview avec Barbara Buser - SSREI","og_description":"Barbara Buser, fondatrice et partenaire d&rsquo;in situ, s&rsquo;entretient sur l&rsquo;\u00e9nergie grise et l&rsquo;\u00e9conomie circulaire dans l&rsquo;immobilier. Barbara Buser, architecte dipl\u00f4m\u00e9e de l\u2019EPF, est la fondatrice de baub\u00fcro in situ ag, qu&rsquo;elle dirige avec d&rsquo;autres partenaires. Elle est consid\u00e9r\u00e9e comme la pionni\u00e8re de l&rsquo;\u00e9conomie circulaire dans le domaine de la construction et de l&rsquo;immobilier, o\u00f9 elle...","og_url":"https:\/\/ssrei.ch\/fr\/interview-avec-barbara-buser\/","og_site_name":"SSREI","article_published_time":"2022-09-20T04:59:03+00:00","article_modified_time":"2023-03-22T08:03:10+00:00","og_image":[{"width":2286,"height":1629,"url":"https:\/\/ssrei.ch\/wp-content\/uploads\/2022\/09\/IMG_2819-Kopie2.jpg","type":"image\/jpeg"}],"author":"Elodie Gadola","twitter_card":"summary_large_image","twitter_misc":{"\u00c9crit par":"Elodie Gadola","Dur\u00e9e de lecture estim\u00e9e":"6 minutes"},"schema":{"@context":"https:\/\/schema.org","@graph":[{"@type":"Article","@id":"https:\/\/ssrei.ch\/fr\/interview-avec-barbara-buser\/#article","isPartOf":{"@id":"https:\/\/ssrei.ch\/fr\/interview-avec-barbara-buser\/"},"author":{"name":"Elodie Gadola","@id":"https:\/\/ssrei.ch\/#\/schema\/person\/7b00af919b1c488cf92a41df137eb49f"},"headline":"Interview avec Barbara Buser","datePublished":"2022-09-20T04:59:03+00:00","dateModified":"2023-03-22T08:03:10+00:00","mainEntityOfPage":{"@id":"https:\/\/ssrei.ch\/fr\/interview-avec-barbara-buser\/"},"wordCount":1074,"commentCount":0,"image":{"@id":"https:\/\/ssrei.ch\/fr\/interview-avec-barbara-buser\/#primaryimage"},"thumbnailUrl":"https:\/\/ssrei.ch\/wp-content\/uploads\/2022\/09\/IMG_2819-Kopie2.jpg","articleSection":["Non classifi\u00e9(e)"],"inLanguage":"fr-FR","potentialAction":[{"@type":"CommentAction","name":"Comment","target":["https:\/\/ssrei.ch\/fr\/interview-avec-barbara-buser\/#respond"]}]},{"@type":"WebPage","@id":"https:\/\/ssrei.ch\/fr\/interview-avec-barbara-buser\/","url":"https:\/\/ssrei.ch\/fr\/interview-avec-barbara-buser\/","name":"Interview avec Barbara Buser - SSREI","isPartOf":{"@id":"https:\/\/ssrei.ch\/#website"},"primaryImageOfPage":{"@id":"https:\/\/ssrei.ch\/fr\/interview-avec-barbara-buser\/#primaryimage"},"image":{"@id":"https:\/\/ssrei.ch\/fr\/interview-avec-barbara-buser\/#primaryimage"},"thumbnailUrl":"https:\/\/ssrei.ch\/wp-content\/uploads\/2022\/09\/IMG_2819-Kopie2.jpg","datePublished":"2022-09-20T04:59:03+00:00","dateModified":"2023-03-22T08:03:10+00:00","author":{"@id":"https:\/\/ssrei.ch\/#\/schema\/person\/7b00af919b1c488cf92a41df137eb49f"},"breadcrumb":{"@id":"https:\/\/ssrei.ch\/fr\/interview-avec-barbara-buser\/#breadcrumb"},"inLanguage":"fr-FR","potentialAction":[{"@type":"ReadAction","target":["https:\/\/ssrei.ch\/fr\/interview-avec-barbara-buser\/"]}]},{"@type":"ImageObject","inLanguage":"fr-FR","@id":"https:\/\/ssrei.ch\/fr\/interview-avec-barbara-buser\/#primaryimage","url":"https:\/\/ssrei.ch\/wp-content\/uploads\/2022\/09\/IMG_2819-Kopie2.jpg","contentUrl":"https:\/\/ssrei.ch\/wp-content\/uploads\/2022\/09\/IMG_2819-Kopie2.jpg","width":2286,"height":1629},{"@type":"BreadcrumbList","@id":"https:\/\/ssrei.ch\/fr\/interview-avec-barbara-buser\/#breadcrumb","itemListElement":[{"@type":"ListItem","position":1,"name":"Home","item":"https:\/\/ssrei.ch\/fr\/"},{"@type":"ListItem","position":2,"name":"Interview avec Barbara Buser"}]},{"@type":"WebSite","@id":"https:\/\/ssrei.ch\/#website","url":"https:\/\/ssrei.ch\/","name":"SSREI","description":"Swiss Sustainable Real Estate Index","potentialAction":[{"@type":"SearchAction","target":{"@type":"EntryPoint","urlTemplate":"https:\/\/ssrei.ch\/?s={search_term_string}"},"query-input":{"@type":"PropertyValueSpecification","valueRequired":true,"valueName":"search_term_string"}}],"inLanguage":"fr-FR"},{"@type":"Person","@id":"https:\/\/ssrei.ch\/#\/schema\/person\/7b00af919b1c488cf92a41df137eb49f","name":"Elodie Gadola","url":"https:\/\/ssrei.ch\/fr\/author\/elodie-gadola\/"}]}},"_links":{"self":[{"href":"https:\/\/ssrei.ch\/fr\/wp-json\/wp\/v2\/posts\/9252","targetHints":{"allow":["GET"]}}],"collection":[{"href":"https:\/\/ssrei.ch\/fr\/wp-json\/wp\/v2\/posts"}],"about":[{"href":"https:\/\/ssrei.ch\/fr\/wp-json\/wp\/v2\/types\/post"}],"author":[{"embeddable":true,"href":"https:\/\/ssrei.ch\/fr\/wp-json\/wp\/v2\/users\/5"}],"replies":[{"embeddable":true,"href":"https:\/\/ssrei.ch\/fr\/wp-json\/wp\/v2\/comments?post=9252"}],"version-history":[{"count":4,"href":"https:\/\/ssrei.ch\/fr\/wp-json\/wp\/v2\/posts\/9252\/revisions"}],"predecessor-version":[{"id":9904,"href":"https:\/\/ssrei.ch\/fr\/wp-json\/wp\/v2\/posts\/9252\/revisions\/9904"}],"wp:featuredmedia":[{"embeddable":true,"href":"https:\/\/ssrei.ch\/fr\/wp-json\/wp\/v2\/media\/9211"}],"wp:attachment":[{"href":"https:\/\/ssrei.ch\/fr\/wp-json\/wp\/v2\/media?parent=9252"}],"wp:term":[{"taxonomy":"category","embeddable":true,"href":"https:\/\/ssrei.ch\/fr\/wp-json\/wp\/v2\/categories?post=9252"},{"taxonomy":"post_tag","embeddable":true,"href":"https:\/\/ssrei.ch\/fr\/wp-json\/wp\/v2\/tags?post=9252"}],"curies":[{"name":"wp","href":"https:\/\/api.w.org\/{rel}","templated":true}]}}