{"id":8967,"date":"2022-06-13T11:38:25","date_gmt":"2022-06-13T09:38:25","guid":{"rendered":"https:\/\/ssrei.ch\/?p=8967"},"modified":"2023-03-22T10:16:09","modified_gmt":"2023-03-22T08:16:09","slug":"interview-avec-le-prof-dr-thomas-stocker","status":"publish","type":"post","link":"https:\/\/ssrei.ch\/fr\/interview-avec-le-prof-dr-thomas-stocker\/","title":{"rendered":"Interview avec Prof. Dr. Thomas Stocker"},"content":{"rendered":"<h5>Thomas Stocker, physicien climatique et chef du service de physique climatique et environnementale de l\u2019Universit\u00e9 de Berne, s\u2019exprime sur la loi sur le CO2, les besoins en \u00e9lectricit\u00e9 des b\u00e2timents, les objectifs climatiques et la mobilit\u00e9 \u00e9lectrique.<\/h5>\n<p>Thomas Stocker a \u00e9tudi\u00e9 la physique environnementale \u00e0 l\u2019EPF de Zurich et a obtenu son doctorat en 1987. Apr\u00e8s des s\u00e9jours de recherche \u00e0 Londres, Montr\u00e9al et New York, il est devenu, en 1993, chef du service de physique climatique et environnementale \u00e0 l\u2019Institut de physique de l\u2019Universit\u00e9 de Berne. De 2008 \u00e0 2015, Thomas Stocker a \u00e9t\u00e9 copr\u00e9sident du groupe de travail I du Groupe d\u2019experts intergouvernemental sur l\u2019\u00e9volution du climat (GIEC). Le rapport, approuv\u00e9 par tous les pays sous sa pr\u00e9sidence en septembre 2013, constitue la base scientifique de l\u2019Accord de Paris sur le climat. Pour ses travaux, Thomas Stocker a re\u00e7u le Dr. Honoris Causa de l\u2019Universit\u00e9 de Versailles et de l\u2019EPF de Zurich, ainsi que la m\u00e9daille Hans Oeschger de l\u2019European Geosciences Union. Il est aussi membre de l\u2019Acad\u00e9mie allemande Leopoldina, de American Association of Arts and Sciences, et de l\u2019Accademia dei Lincei italienne. En 2017, il a re\u00e7u le Prix scientifique suisse Marcel Benoist.<\/p>\n<h5><strong><span style=\"color: #ff9900;\">Interview avec Prof. Dr. Thomas Stocker:<\/span><\/strong><br \/>\nUniversit\u00e9 de Bern<\/h5>\n<p><em>Qui \u00eates-vous ?<\/em><\/p>\n<p>Je suis physicien climatique et dirige depuis 1993 le service de physique climatique et environnementale de l\u2019Universit\u00e9 de Berne. De 2008 \u00e0 2015, j\u2019ai dirig\u00e9 le groupe de travail I du Groupe d\u2019experts intergouvernemental sur l\u2019\u00e9volution du climat (GIEC). Notre rapport, r\u00e9dig\u00e9 par 250 scientifiques et impliquant plus de 1000 chercheurs du monde entier, constitue la base scientifique de l\u2019Accord de Paris sur le climat.<\/p>\n<p><em>Monsieur Stocker, la r\u00e9vision de la loi sur le CO2 a \u00e9t\u00e9 rejet\u00e9e par les \u00e9lecteurs en 2020. Qu\u2019est-ce que cela signifie ?<\/em><\/p>\n<p>Un \u00e9norme pas en arri\u00e8re pour la protection du climat et une situation g\u00eanante pour la riche Suisse. Toutefois la Suisse n\u2019a pas faux \u00e0 tous les niveaux : premi\u00e8rement, le r\u00e9chauffement climatique se poursuit. Deuxi\u00e8mement, la Suisse a sign\u00e9 l\u2019Accord de Paris sur le climat et s\u2019est engag\u00e9e \u00e0 ce que le r\u00e9chauffement global reste inf\u00e9rieur \u00e0 2 degr\u00e9s par rapport \u00e0 l\u2019\u00e9poque pr\u00e9industrielle. Malheureusement, nous ne parviendrons pas probablement \u00e0 atteindre l\u2019objectif initial, \u00e0 savoir 1,5 degr\u00e9s. En Suisse, nous sommes encore plus que d\u2019autres pays europ\u00e9ens, nettement au-dessus de la moyenne du r\u00e9chauffement climatique &#8211; parce que nous sommes un pays enclav\u00e9 et que la couverture neigeuse est en recul.<\/p>\n<p>Avec la strat\u00e9gie \u00e9nerg\u00e9tique 2050, nous avons pos\u00e9 les bases et avec la loi sur le CO2, nous aurions cr\u00e9\u00e9 les instruments de mise en \u0153uvre. La taxe d\u2019incitation sur le CO2, l\u2019un des \u00e9l\u00e9ments centraux de la loi sur le CO2, est d\u00e9j\u00e0 appliqu\u00e9e dans sa version actuelle ; on n\u2019aurait fait ici que la renforcer. La guerre en Ukraine nous fait prendre conscience de notre d\u00e9pendance vis-\u00e0-vis de partenaires peu fiables pour les produits et les services essentiels. Un boom des pompes \u00e0 chaleur a \u00e9t\u00e9 d\u00e9clench\u00e9, ce qui signifie que le march\u00e9 a r\u00e9agi tr\u00e8s rapidement au rench\u00e9rissement des ressources. Qu\u2019elles soient initi\u00e9es par le march\u00e9 ou \u00abordonn\u00e9es\u00bb par l\u2019\u00c9tat (taxes d\u2019incitation), cela ne devrait pas jouer de r\u00f4le.<\/p>\n<p><em>Et ce, malgr\u00e9 la volatilit\u00e9 des prix de l\u2019\u00e9lectricit\u00e9 et les bouleversements pr\u00e9visibles sur le march\u00e9 de l\u2019\u00e9lectricit\u00e9, si nous ne parvenons pas \u00e0 ma\u00eetriser la p\u00e9nurie imminente d\u2019\u00e9lectricit\u00e9.<\/em><\/p>\n<p>Oui, nous manquerons d\u2019\u00e9lectricit\u00e9 en raison de son utilisation croissante dans les b\u00e2timents (pompes \u00e0 chaleur, ventilation), dans la mobilit\u00e9 (mobilit\u00e9 \u00e9lectrique) et l\u2019arr\u00eat simultan\u00e9 d\u2019une centrale nucl\u00e9aire. D\u2019autre part, la derni\u00e8re \u00e9tude de la ZHAW montre que le potentiel des installations photovolta\u00efques en Suisse correspond \u00e0 celui d\u2019une centrale nucl\u00e9aire.<\/p>\n<p><em>Cependant, cela ne r\u00e9sout en rien le probl\u00e8me des changements saisonniers.<\/em><\/p>\n<p>C\u2019est exact. Les b\u00e2timents modernes sont de petites centrales \u00e9lectriques d\u00e9centralis\u00e9es ; ils produisent de l\u2019\u00e9lectricit\u00e9 en utilisant les syst\u00e8mes photovolta\u00efques sur le toit. Malheureusement, la pompe \u00e0 chaleur, qui remplace d\u00e9sormais largement le br\u00fbleur \u00e0 mazout ou \u00e0 gaz, a besoin d\u2019\u00e9lectricit\u00e9 surtout en hiver, de sorte que 30% de l\u2019\u00e9lectricit\u00e9 autoproduite doit \u00eatre d\u00e9plac\u00e9e de l\u2019\u00e9t\u00e9 vers l\u2019hiver. Or, cela ne fonctionne qu\u2019avec le stockage. Je ne suis pas fan du b\u00e9tonnage des vall\u00e9es alpines. Mais les sur\u00e9l\u00e9vations des lacs de stockage, qui existent d\u00e9j\u00e0, me semblent \u00eatre une solution g\u00e9rable. Outre l\u2019\u00e9nergie hydraulique, il existe \u00e9galement bien d\u2019autres approches technologiques qui font l\u2019objet de recherches intensives, comme la m\u00e9thanisation. Les centrales \u00e0 gaz pour couvrir des pics, en revanche, sont de mauvaises alternatives, car elles ne sont absolument pas neutres en CO2.<\/p>\n<p><em>Que se passe-t-il si nous n\u2019atteignons pas les objectifs climatiques d\u00e9finis d\u2019un commun accord au niveau international ? Le niveau de la mer va-t-il simplement monter et y aura-t-il des migrations (avec toutes leurs cons\u00e9quences politiques) ? Ou existe-t-il un risque d\u2019effondrement r\u00e9el, parce que l\u2019ensemble du syst\u00e8me est en fait compl\u00e8tement d\u00e9s\u00e9quilibr\u00e9 ?<\/em><\/p>\n<p>Le probl\u00e8me climatique est finalement un probl\u00e8me de ressource multiple : selon une \u00e9tude \u00e0 laquelle 47 pays ont particip\u00e9, 37% des d\u00e9c\u00e8s seraient dus \u00e0 une chaleur excessive (ressource sant\u00e9). Lorsque le niveau de la mer monte, les zones c\u00f4ti\u00e8res habit\u00e9es par plusieurs centaines de millions de personnes seront inond\u00e9es (ressources terre). Le changement climatique entra\u00eene non seulement des d\u00e9placements g\u00e9ographiques des zones pluvieuses, mais aussi des changements saisonniers des ressources en eau. Les cons\u00e9quences sont des catastrophes naturelles telles que des inondations ou de longues p\u00e9riodes de s\u00e9cheresse (ressource en eau). Enfin, le changement climatique affecte \u00e9galement la biodiversit\u00e9 et il existe une incertitude quant \u00e0 savoir si les conditions auxquelles nous sommes habitu\u00e9s pour les r\u00e9coltes n\u00e9cessaires \u00e0 l\u2019alimentation de la population sont toujours disponibles (ressource de biodiversit\u00e9). C\u2019est donc tout un syst\u00e8me global complexe qui risque de se d\u00e9r\u00e9gler.<\/p>\n<p><em>Les b\u00e2timents et la mobilit\u00e9 contribuent chacun pour environ 30 % aux \u00e9missions de CO2 en Suisse. Avec la mobilit\u00e9 \u00e9lectrique, on pense avoir trouv\u00e9 la solution. Pouvons-nous au moins pousser un soupir de soulagement \u00e0 ce niveau ?<\/em><\/p>\n<p>D\u2019une part, la mobilit\u00e9 \u00e9lectrique n\u2019\u00e9limine pas les embouteillages et d\u2019autre part, les batteries utilis\u00e9es aujourd\u2019hui n\u00e9cessitent de nombreux m\u00e9taux pr\u00e9cieux et terres rares dont la disponibilit\u00e9 est limit\u00e9e. Ce probl\u00e8me peut \u00eatre contrecarr\u00e9 par de nouveaux d\u00e9veloppements, le recyclage et la r\u00e9utilisation. Il existe encore beaucoup de potentiel inexploit\u00e9, y compris au niveau \u00e9conomique.<\/p>\n<p>Si l\u2019on veut r\u00e9soudre fondamentalement la question de la mobilit\u00e9, il faut commencer par les structures d\u2019habitat\u2013 ce qui nous ram\u00e8ne indirectement aux b\u00e2timents \u2013 mais aussi \u00e0 notre mani\u00e8re d\u2019organiser nos vies. Nous devons \u00e9galement changer notre \u00ab\u00a0\u00e9tat d\u2019esprit\u00a0\u00bb : l\u2019accent ne doit pas \u00eatre mis sur la voiture, \u00e0 savoir le SUV co\u00fbteux et gourmand en ressources, mais sur le fait que je veux aller de A \u00e0 B \u00e0 un moment choisi. La mobilit\u00e9 doit se lib\u00e9rer des exigences \u00e9motionnelles et de l\u2019image de prestige.<\/p>\n<p><em>Merci beaucoup, M. Stocker, pour votre temps et cet \u00e9change int\u00e9ressant.<\/em><\/p>\n","protected":false},"excerpt":{"rendered":"<p>Thomas Stocker, physicien climatique et chef du service de physique climatique et environnementale de l\u2019Universit\u00e9 de Berne, s\u2019exprime sur la loi sur le CO2, les besoins en \u00e9lectricit\u00e9 des b\u00e2timents, les objectifs climatiques et la mobilit\u00e9 \u00e9lectrique. Thomas Stocker a \u00e9tudi\u00e9 la physique environnementale \u00e0 l\u2019EPF de Zurich et a obtenu son doctorat en 1987&#8230;.<\/p>\n","protected":false},"author":5,"featured_media":8949,"comment_status":"open","ping_status":"open","sticky":false,"template":"","format":"standard","meta":{"_acf_changed":false,"footnotes":""},"categories":[9],"tags":[],"class_list":["post-8967","post","type-post","status-publish","format-standard","has-post-thumbnail","hentry","category-non-classifiee"],"acf":[],"yoast_head":"<!-- This site is optimized with the Yoast SEO plugin v27.2 - https:\/\/yoast.com\/product\/yoast-seo-wordpress\/ -->\n<title>Interview avec Prof. Dr. Thomas Stocker - SSREI<\/title>\n<meta name=\"robots\" content=\"index, follow, max-snippet:-1, max-image-preview:large, max-video-preview:-1\" \/>\n<link rel=\"canonical\" href=\"https:\/\/ssrei.ch\/fr\/interview-avec-le-prof-dr-thomas-stocker\/\" \/>\n<meta property=\"og:locale\" content=\"fr_FR\" \/>\n<meta property=\"og:type\" content=\"article\" \/>\n<meta property=\"og:title\" content=\"Interview avec Prof. Dr. Thomas Stocker - SSREI\" \/>\n<meta property=\"og:description\" content=\"Thomas Stocker, physicien climatique et chef du service de physique climatique et environnementale de l\u2019Universit\u00e9 de Berne, s\u2019exprime sur la loi sur le CO2, les besoins en \u00e9lectricit\u00e9 des b\u00e2timents, les objectifs climatiques et la mobilit\u00e9 \u00e9lectrique. Thomas Stocker a \u00e9tudi\u00e9 la physique environnementale \u00e0 l\u2019EPF de Zurich et a obtenu son doctorat en 1987....\" \/>\n<meta property=\"og:url\" content=\"https:\/\/ssrei.ch\/fr\/interview-avec-le-prof-dr-thomas-stocker\/\" \/>\n<meta property=\"og:site_name\" content=\"SSREI\" \/>\n<meta property=\"article:published_time\" content=\"2022-06-13T09:38:25+00:00\" \/>\n<meta property=\"article:modified_time\" content=\"2023-03-22T08:16:09+00:00\" \/>\n<meta property=\"og:image\" content=\"https:\/\/ssrei.ch\/wp-content\/uploads\/2022\/06\/Thomas-Stocker_copyright-Adrian-Moser.jpg_Kopie-scaled.jpg\" \/>\n\t<meta property=\"og:image:width\" content=\"2560\" \/>\n\t<meta property=\"og:image:height\" content=\"2039\" \/>\n\t<meta property=\"og:image:type\" content=\"image\/jpeg\" \/>\n<meta name=\"author\" content=\"Elodie Gadola\" \/>\n<meta name=\"twitter:card\" content=\"summary_large_image\" \/>\n<meta name=\"twitter:label1\" content=\"\u00c9crit par\" \/>\n\t<meta name=\"twitter:data1\" content=\"Elodie Gadola\" \/>\n\t<meta name=\"twitter:label2\" content=\"Dur\u00e9e de lecture estim\u00e9e\" \/>\n\t<meta name=\"twitter:data2\" content=\"7 minutes\" \/>\n<script type=\"application\/ld+json\" class=\"yoast-schema-graph\">{\"@context\":\"https:\/\/schema.org\",\"@graph\":[{\"@type\":\"Article\",\"@id\":\"https:\/\/ssrei.ch\/fr\/interview-avec-le-prof-dr-thomas-stocker\/#article\",\"isPartOf\":{\"@id\":\"https:\/\/ssrei.ch\/fr\/interview-avec-le-prof-dr-thomas-stocker\/\"},\"author\":{\"name\":\"Elodie Gadola\",\"@id\":\"https:\/\/ssrei.ch\/#\/schema\/person\/7b00af919b1c488cf92a41df137eb49f\"},\"headline\":\"Interview avec Prof. Dr. Thomas Stocker\",\"datePublished\":\"2022-06-13T09:38:25+00:00\",\"dateModified\":\"2023-03-22T08:16:09+00:00\",\"mainEntityOfPage\":{\"@id\":\"https:\/\/ssrei.ch\/fr\/interview-avec-le-prof-dr-thomas-stocker\/\"},\"wordCount\":1268,\"commentCount\":0,\"image\":{\"@id\":\"https:\/\/ssrei.ch\/fr\/interview-avec-le-prof-dr-thomas-stocker\/#primaryimage\"},\"thumbnailUrl\":\"https:\/\/ssrei.ch\/wp-content\/uploads\/2022\/06\/Thomas-Stocker_copyright-Adrian-Moser.jpg_Kopie-scaled.jpg\",\"articleSection\":[\"Non classifi\u00e9(e)\"],\"inLanguage\":\"fr-FR\",\"potentialAction\":[{\"@type\":\"CommentAction\",\"name\":\"Comment\",\"target\":[\"https:\/\/ssrei.ch\/fr\/interview-avec-le-prof-dr-thomas-stocker\/#respond\"]}]},{\"@type\":\"WebPage\",\"@id\":\"https:\/\/ssrei.ch\/fr\/interview-avec-le-prof-dr-thomas-stocker\/\",\"url\":\"https:\/\/ssrei.ch\/fr\/interview-avec-le-prof-dr-thomas-stocker\/\",\"name\":\"Interview avec Prof. Dr. Thomas Stocker - SSREI\",\"isPartOf\":{\"@id\":\"https:\/\/ssrei.ch\/#website\"},\"primaryImageOfPage\":{\"@id\":\"https:\/\/ssrei.ch\/fr\/interview-avec-le-prof-dr-thomas-stocker\/#primaryimage\"},\"image\":{\"@id\":\"https:\/\/ssrei.ch\/fr\/interview-avec-le-prof-dr-thomas-stocker\/#primaryimage\"},\"thumbnailUrl\":\"https:\/\/ssrei.ch\/wp-content\/uploads\/2022\/06\/Thomas-Stocker_copyright-Adrian-Moser.jpg_Kopie-scaled.jpg\",\"datePublished\":\"2022-06-13T09:38:25+00:00\",\"dateModified\":\"2023-03-22T08:16:09+00:00\",\"author\":{\"@id\":\"https:\/\/ssrei.ch\/#\/schema\/person\/7b00af919b1c488cf92a41df137eb49f\"},\"breadcrumb\":{\"@id\":\"https:\/\/ssrei.ch\/fr\/interview-avec-le-prof-dr-thomas-stocker\/#breadcrumb\"},\"inLanguage\":\"fr-FR\",\"potentialAction\":[{\"@type\":\"ReadAction\",\"target\":[\"https:\/\/ssrei.ch\/fr\/interview-avec-le-prof-dr-thomas-stocker\/\"]}]},{\"@type\":\"ImageObject\",\"inLanguage\":\"fr-FR\",\"@id\":\"https:\/\/ssrei.ch\/fr\/interview-avec-le-prof-dr-thomas-stocker\/#primaryimage\",\"url\":\"https:\/\/ssrei.ch\/wp-content\/uploads\/2022\/06\/Thomas-Stocker_copyright-Adrian-Moser.jpg_Kopie-scaled.jpg\",\"contentUrl\":\"https:\/\/ssrei.ch\/wp-content\/uploads\/2022\/06\/Thomas-Stocker_copyright-Adrian-Moser.jpg_Kopie-scaled.jpg\",\"width\":2560,\"height\":2039},{\"@type\":\"BreadcrumbList\",\"@id\":\"https:\/\/ssrei.ch\/fr\/interview-avec-le-prof-dr-thomas-stocker\/#breadcrumb\",\"itemListElement\":[{\"@type\":\"ListItem\",\"position\":1,\"name\":\"Home\",\"item\":\"https:\/\/ssrei.ch\/fr\/\"},{\"@type\":\"ListItem\",\"position\":2,\"name\":\"Interview avec Prof. Dr. Thomas Stocker\"}]},{\"@type\":\"WebSite\",\"@id\":\"https:\/\/ssrei.ch\/#website\",\"url\":\"https:\/\/ssrei.ch\/\",\"name\":\"SSREI\",\"description\":\"Swiss Sustainable Real Estate Index\",\"potentialAction\":[{\"@type\":\"SearchAction\",\"target\":{\"@type\":\"EntryPoint\",\"urlTemplate\":\"https:\/\/ssrei.ch\/?s={search_term_string}\"},\"query-input\":{\"@type\":\"PropertyValueSpecification\",\"valueRequired\":true,\"valueName\":\"search_term_string\"}}],\"inLanguage\":\"fr-FR\"},{\"@type\":\"Person\",\"@id\":\"https:\/\/ssrei.ch\/#\/schema\/person\/7b00af919b1c488cf92a41df137eb49f\",\"name\":\"Elodie Gadola\",\"url\":\"https:\/\/ssrei.ch\/fr\/author\/elodie-gadola\/\"}]}<\/script>\n<!-- \/ Yoast SEO plugin. -->","yoast_head_json":{"title":"Interview avec Prof. Dr. Thomas Stocker - SSREI","robots":{"index":"index","follow":"follow","max-snippet":"max-snippet:-1","max-image-preview":"max-image-preview:large","max-video-preview":"max-video-preview:-1"},"canonical":"https:\/\/ssrei.ch\/fr\/interview-avec-le-prof-dr-thomas-stocker\/","og_locale":"fr_FR","og_type":"article","og_title":"Interview avec Prof. Dr. Thomas Stocker - SSREI","og_description":"Thomas Stocker, physicien climatique et chef du service de physique climatique et environnementale de l\u2019Universit\u00e9 de Berne, s\u2019exprime sur la loi sur le CO2, les besoins en \u00e9lectricit\u00e9 des b\u00e2timents, les objectifs climatiques et la mobilit\u00e9 \u00e9lectrique. Thomas Stocker a \u00e9tudi\u00e9 la physique environnementale \u00e0 l\u2019EPF de Zurich et a obtenu son doctorat en 1987....","og_url":"https:\/\/ssrei.ch\/fr\/interview-avec-le-prof-dr-thomas-stocker\/","og_site_name":"SSREI","article_published_time":"2022-06-13T09:38:25+00:00","article_modified_time":"2023-03-22T08:16:09+00:00","og_image":[{"width":2560,"height":2039,"url":"https:\/\/ssrei.ch\/wp-content\/uploads\/2022\/06\/Thomas-Stocker_copyright-Adrian-Moser.jpg_Kopie-scaled.jpg","type":"image\/jpeg"}],"author":"Elodie Gadola","twitter_card":"summary_large_image","twitter_misc":{"\u00c9crit par":"Elodie Gadola","Dur\u00e9e de lecture estim\u00e9e":"7 minutes"},"schema":{"@context":"https:\/\/schema.org","@graph":[{"@type":"Article","@id":"https:\/\/ssrei.ch\/fr\/interview-avec-le-prof-dr-thomas-stocker\/#article","isPartOf":{"@id":"https:\/\/ssrei.ch\/fr\/interview-avec-le-prof-dr-thomas-stocker\/"},"author":{"name":"Elodie Gadola","@id":"https:\/\/ssrei.ch\/#\/schema\/person\/7b00af919b1c488cf92a41df137eb49f"},"headline":"Interview avec Prof. Dr. Thomas Stocker","datePublished":"2022-06-13T09:38:25+00:00","dateModified":"2023-03-22T08:16:09+00:00","mainEntityOfPage":{"@id":"https:\/\/ssrei.ch\/fr\/interview-avec-le-prof-dr-thomas-stocker\/"},"wordCount":1268,"commentCount":0,"image":{"@id":"https:\/\/ssrei.ch\/fr\/interview-avec-le-prof-dr-thomas-stocker\/#primaryimage"},"thumbnailUrl":"https:\/\/ssrei.ch\/wp-content\/uploads\/2022\/06\/Thomas-Stocker_copyright-Adrian-Moser.jpg_Kopie-scaled.jpg","articleSection":["Non classifi\u00e9(e)"],"inLanguage":"fr-FR","potentialAction":[{"@type":"CommentAction","name":"Comment","target":["https:\/\/ssrei.ch\/fr\/interview-avec-le-prof-dr-thomas-stocker\/#respond"]}]},{"@type":"WebPage","@id":"https:\/\/ssrei.ch\/fr\/interview-avec-le-prof-dr-thomas-stocker\/","url":"https:\/\/ssrei.ch\/fr\/interview-avec-le-prof-dr-thomas-stocker\/","name":"Interview avec Prof. Dr. Thomas Stocker - SSREI","isPartOf":{"@id":"https:\/\/ssrei.ch\/#website"},"primaryImageOfPage":{"@id":"https:\/\/ssrei.ch\/fr\/interview-avec-le-prof-dr-thomas-stocker\/#primaryimage"},"image":{"@id":"https:\/\/ssrei.ch\/fr\/interview-avec-le-prof-dr-thomas-stocker\/#primaryimage"},"thumbnailUrl":"https:\/\/ssrei.ch\/wp-content\/uploads\/2022\/06\/Thomas-Stocker_copyright-Adrian-Moser.jpg_Kopie-scaled.jpg","datePublished":"2022-06-13T09:38:25+00:00","dateModified":"2023-03-22T08:16:09+00:00","author":{"@id":"https:\/\/ssrei.ch\/#\/schema\/person\/7b00af919b1c488cf92a41df137eb49f"},"breadcrumb":{"@id":"https:\/\/ssrei.ch\/fr\/interview-avec-le-prof-dr-thomas-stocker\/#breadcrumb"},"inLanguage":"fr-FR","potentialAction":[{"@type":"ReadAction","target":["https:\/\/ssrei.ch\/fr\/interview-avec-le-prof-dr-thomas-stocker\/"]}]},{"@type":"ImageObject","inLanguage":"fr-FR","@id":"https:\/\/ssrei.ch\/fr\/interview-avec-le-prof-dr-thomas-stocker\/#primaryimage","url":"https:\/\/ssrei.ch\/wp-content\/uploads\/2022\/06\/Thomas-Stocker_copyright-Adrian-Moser.jpg_Kopie-scaled.jpg","contentUrl":"https:\/\/ssrei.ch\/wp-content\/uploads\/2022\/06\/Thomas-Stocker_copyright-Adrian-Moser.jpg_Kopie-scaled.jpg","width":2560,"height":2039},{"@type":"BreadcrumbList","@id":"https:\/\/ssrei.ch\/fr\/interview-avec-le-prof-dr-thomas-stocker\/#breadcrumb","itemListElement":[{"@type":"ListItem","position":1,"name":"Home","item":"https:\/\/ssrei.ch\/fr\/"},{"@type":"ListItem","position":2,"name":"Interview avec Prof. Dr. Thomas Stocker"}]},{"@type":"WebSite","@id":"https:\/\/ssrei.ch\/#website","url":"https:\/\/ssrei.ch\/","name":"SSREI","description":"Swiss Sustainable Real Estate Index","potentialAction":[{"@type":"SearchAction","target":{"@type":"EntryPoint","urlTemplate":"https:\/\/ssrei.ch\/?s={search_term_string}"},"query-input":{"@type":"PropertyValueSpecification","valueRequired":true,"valueName":"search_term_string"}}],"inLanguage":"fr-FR"},{"@type":"Person","@id":"https:\/\/ssrei.ch\/#\/schema\/person\/7b00af919b1c488cf92a41df137eb49f","name":"Elodie Gadola","url":"https:\/\/ssrei.ch\/fr\/author\/elodie-gadola\/"}]}},"_links":{"self":[{"href":"https:\/\/ssrei.ch\/fr\/wp-json\/wp\/v2\/posts\/8967","targetHints":{"allow":["GET"]}}],"collection":[{"href":"https:\/\/ssrei.ch\/fr\/wp-json\/wp\/v2\/posts"}],"about":[{"href":"https:\/\/ssrei.ch\/fr\/wp-json\/wp\/v2\/types\/post"}],"author":[{"embeddable":true,"href":"https:\/\/ssrei.ch\/fr\/wp-json\/wp\/v2\/users\/5"}],"replies":[{"embeddable":true,"href":"https:\/\/ssrei.ch\/fr\/wp-json\/wp\/v2\/comments?post=8967"}],"version-history":[{"count":3,"href":"https:\/\/ssrei.ch\/fr\/wp-json\/wp\/v2\/posts\/8967\/revisions"}],"predecessor-version":[{"id":9911,"href":"https:\/\/ssrei.ch\/fr\/wp-json\/wp\/v2\/posts\/8967\/revisions\/9911"}],"wp:featuredmedia":[{"embeddable":true,"href":"https:\/\/ssrei.ch\/fr\/wp-json\/wp\/v2\/media\/8949"}],"wp:attachment":[{"href":"https:\/\/ssrei.ch\/fr\/wp-json\/wp\/v2\/media?parent=8967"}],"wp:term":[{"taxonomy":"category","embeddable":true,"href":"https:\/\/ssrei.ch\/fr\/wp-json\/wp\/v2\/categories?post=8967"},{"taxonomy":"post_tag","embeddable":true,"href":"https:\/\/ssrei.ch\/fr\/wp-json\/wp\/v2\/tags?post=8967"}],"curies":[{"name":"wp","href":"https:\/\/api.w.org\/{rel}","templated":true}]}}