{"id":8563,"date":"2022-04-07T09:00:26","date_gmt":"2022-04-07T07:00:26","guid":{"rendered":"https:\/\/ipv4.ssrei.ch\/interview-avec-peter-jakob\/"},"modified":"2023-03-22T10:24:34","modified_gmt":"2023-03-22T08:24:34","slug":"interview-avec-peter-jakob","status":"publish","type":"post","link":"https:\/\/ssrei.ch\/fr\/interview-avec-peter-jakob\/","title":{"rendered":"Interview avec Peter Jakob"},"content":{"rendered":"<h5>Peter Jakob est architecte BSA SIA SWB, partenaire et directeur associ\u00e9 de Bauart Architekten und Planer SA. Dans cette interview, il s&rsquo;exprime sur le Swiss Sustainable Real Estate Index, sur les raisons de sa participation \u00e0 l\u2019organe de contr\u00f4le du SSREI et sur sa conception de l&rsquo;architecture durable.<\/h5>\n<h5><span style=\"color: #ff9900;\"><strong>Interview avec Peter Jakob:<br \/>\n<\/strong><\/span><strong>Partenaire chez Bauart Architekten und Planer, Pr\u00e9sident de la commission SIA 112\/1 et membre de l\u2019organe de contr\u00f4le SSREI<\/strong><\/h5>\n<p><em>Qui \u00eates-vous ?<\/em><\/p>\n<p>Apr\u00e8s mes \u00e9tudes d\u2019architecture et avoir travaill\u00e9 dans diff\u00e9rents bureaux, dont l\u2019Atelier 5, j\u2019ai fond\u00e9 Bauart Architekten und Planer SA \u00e0 Berne avec deux partenaires. Aujourd\u2019hui, cinq partenaires dirigent les sites de Berne, Neuch\u00e2tel et Zurich. Avec la construction de l\u2019Office f\u00e9d\u00e9ral de la statistique \u00e0 Neuch\u00e2tel et le d\u00e9veloppement du projet EcoParc \u00e0 la gare de Neuch\u00e2tel, Bauart s\u2019est engag\u00e9 dans la construction durable d\u00e8s le d\u00e9but des ann\u00e9es 1990. Nous nous sommes \u00e9galement positionn\u00e9s tr\u00e8s t\u00f4t dans l\u2019utilisation des technologies modernes de construction en bois et dans la construction modulaire. La construction durable fait pour ainsi dire partie de l\u2019ADN de Bauart.<\/p>\n<p><em>Quelle est votre motivation pour faire partie de l&rsquo;organe de contr\u00f4le du SSREI ?<\/em><\/p>\n<p>J\u2019ai d\u00e9j\u00e0 particip\u00e9 au d\u00e9veloppement de la norme SIA 112\/1 Construction durable \u2013 B\u00e2timent, l\u2019ouvrage de base sur la durabilit\u00e9 dans la construction, en tant que chef de projet et, entre-temps, en tant que pr\u00e9sident de la commission. De m\u00eame, je me suis engag\u00e9 dans le d\u00e9veloppement du SNBS au sein d\u2019un groupe d\u2019experts. Ces activit\u00e9s, ainsi que ma pratique au sein de notre bureau, doivent permettre de faire progresser la construction durable. A l\u2019avenir, nous devrons toutefois nous concentrer davantage sur les grands b\u00e2timents existants afin de les d\u00e9velopper de mani\u00e8re plus durable. Dans ce contexte, je consid\u00e8re que le SSREI, qui s\u2019inspire d\u2019ailleurs du SNBS, est un instrument parfaitement appropri\u00e9 pour d\u00e9terminer les mesures \u00e0 prendre dans les b\u00e2timents existants et les pr\u00e9parer \u00e0 l\u2019avenir. C\u2019est une contribution importante \u00e0 la durabilit\u00e9. C\u2019est aussi ce qui me motive.<\/p>\n<p><em>Comment voyez-vous le SSREI ?<\/em><\/p>\n<p>Les labels et les outils sont toujours confront\u00e9s au d\u00e9fi de devoir s\u2019en sortir dans un cadre d\u00e9fini et dans les limites du syst\u00e8me. Des crit\u00e8res de mesure sont d\u00e9finis et des \u00e9valuations sont effectu\u00e9es. Il y a toujours une part de subjectivit\u00e9. N\u00e9anmoins, si nous voulons obtenir un large impact, une mise \u00e0 l\u2019\u00e9chelle, des instruments comme le SSREI sont extr\u00eamement utiles et efficaces. SSREI soutient les efforts visant \u00e0 optimiser en permanence le profil de durabilit\u00e9 des immeubles.<\/p>\n<p><em>L\u2019architecture et la durabilit\u00e9 sont-elles contradictoires ou un mal n\u00e9cessaire ?<\/em><\/p>\n<p>Non, au contraire ! Une bonne architecture est une architecture durable. La long\u00e9vit\u00e9 et la durabilit\u00e9 sont la quintessence de la durabilit\u00e9. Dans cette mesure, du point de vue de la soci\u00e9t\u00e9, mais aussi de l\u2019environnement, une bonne architecture a une fonction importante dans le d\u00e9bat sur la durabilit\u00e9 : les b\u00e2timents de qualit\u00e9 ont une valeur culturelle et enrichissent la soci\u00e9t\u00e9 \u2013 finalement, m\u00eame le bien-\u00eatre de l\u2019homme, car il est consciemment ou inconsciemment agr\u00e9able de contempler et d&rsquo;utiliser des b\u00e2timents de bonne qualit\u00e9. Les b\u00e2timents bien con\u00e7us ne sont pas d\u00e9molis avant terme et ne d\u00e9truisent pas d\u2019\u00e9nergie grise. La construction durable fait partie d\u2019une culture de la construction exemplaire.<\/p>\n<p><em>Pourtant, il y a de plus en plus de lois et de r\u00e8glements pour mettre en \u0153uvre la construction durable. Ne consid\u00e9rez-vous pas cela comme une restriction ?<\/em><\/p>\n<p>L\u2019architecture consiste toujours \u00e0 g\u00e9rer de mani\u00e8re cr\u00e9ative le cadre existant et \u00e0 en tirer le meilleur parti. Il est bien connu que l\u2019on est d\u00e9j\u00e0 confront\u00e9 \u00e0 des contraintes importantes dues \u00e0 l\u2019environnement dans lequel on construit ou aux biens existants \u00e0 utiliser. C\u2019est un th\u00e8me fondamental de la vie en soci\u00e9t\u00e9 que nos libert\u00e9s sont limit\u00e9es et nous devons nous adapter au cadre qui nous est impos\u00e9. Malheureusement, le nombre de r\u00e8glementation ne cesse d\u2019augmenter, ce qui peut nuire \u00e0 la cr\u00e9ativit\u00e9 et \u00e0 la qualit\u00e9. Il est l\u00e9gitime de craindre que nous nous dirigions dans cette direction. Une hi\u00e9rarchisation des r\u00e8gles et des prescriptions pourrait donc \u00eatre favorable \u00e0 la construction durable.<\/p>\n<p><em>Cette tendance est-elle renforc\u00e9e par des normes telles que le SNBS ?<\/em><\/p>\n<p>Non, le SNBS a \u00e9t\u00e9 volontairement formul\u00e9 de mani\u00e8re relativement g\u00e9n\u00e9rique \u2013 en comparaison avec d\u2019autres normes immobili\u00e8res, c\u2019est-\u00e0-dire qu\u2019il d\u00e9signe, dans la mesure du possible, des principes que les responsables de projets, et aussi les ma\u00eetres d\u2019ouvrage, peuvent librement mettre en \u0153uvre. C\u2019est la diff\u00e9rence avec les lois, qui sont pr\u00e9cises et \u00e9troites. Des cadres tels que le SNBS pour la construction et le SSREI pour l\u2019\u00e9valuation des biens immobiliers suffisent \u00e0 orienter le d\u00e9veloppement dans la bonne direction.<\/p>\n<p><em>Merci beaucoup, Monsieur Jakob, pour cet entretien int\u00e9ressant et ces perspectives instructives.<\/em><\/p>\n","protected":false},"excerpt":{"rendered":"<p>Peter Jakob est architecte BSA SIA SWB, partenaire et directeur associ\u00e9 de Bauart Architekten und Planer SA. Dans cette interview, il s&rsquo;exprime sur le Swiss Sustainable Real Estate Index, sur les raisons de sa participation \u00e0 l\u2019organe de contr\u00f4le du SSREI et sur sa conception de l&rsquo;architecture durable. Interview avec Peter Jakob: Partenaire chez Bauart&#8230;<\/p>\n","protected":false},"author":1,"featured_media":8774,"comment_status":"open","ping_status":"open","sticky":false,"template":"","format":"standard","meta":{"_acf_changed":false,"footnotes":""},"categories":[9],"tags":[],"class_list":["post-8563","post","type-post","status-publish","format-standard","has-post-thumbnail","hentry","category-non-classifiee"],"acf":[],"yoast_head":"<!-- This site is optimized with the Yoast SEO plugin v27.2 - https:\/\/yoast.com\/product\/yoast-seo-wordpress\/ -->\n<title>Interview avec Peter Jakob - SSREI<\/title>\n<meta name=\"description\" content=\"News: Interview avec Peter Jakob, Partenaire chez Bauart Architekten und Planer, Pr\u00e9sident de la commission SIA 112\/1 et membre de l\u2019organe de contr\u00f4le SSREI\" \/>\n<meta name=\"robots\" content=\"index, follow, max-snippet:-1, max-image-preview:large, max-video-preview:-1\" \/>\n<link rel=\"canonical\" href=\"https:\/\/ssrei.ch\/fr\/interview-avec-peter-jakob\/\" \/>\n<meta property=\"og:locale\" content=\"fr_FR\" \/>\n<meta property=\"og:type\" content=\"article\" \/>\n<meta property=\"og:title\" content=\"Interview avec Peter Jakob - SSREI\" \/>\n<meta property=\"og:description\" content=\"News: Interview avec Peter Jakob, Partenaire chez Bauart Architekten und Planer, Pr\u00e9sident de la commission SIA 112\/1 et membre de l\u2019organe de contr\u00f4le SSREI\" \/>\n<meta property=\"og:url\" content=\"https:\/\/ssrei.ch\/fr\/interview-avec-peter-jakob\/\" \/>\n<meta property=\"og:site_name\" content=\"SSREI\" \/>\n<meta property=\"article:published_time\" content=\"2022-04-07T07:00:26+00:00\" \/>\n<meta property=\"article:modified_time\" content=\"2023-03-22T08:24:34+00:00\" \/>\n<meta property=\"og:image\" content=\"https:\/\/ssrei.ch\/wp-content\/uploads\/2022\/03\/Peter-Jakob-1.jpg\" \/>\n\t<meta property=\"og:image:width\" content=\"576\" \/>\n\t<meta property=\"og:image:height\" content=\"363\" \/>\n\t<meta property=\"og:image:type\" content=\"image\/jpeg\" \/>\n<meta name=\"author\" content=\"admin\" \/>\n<meta name=\"twitter:card\" content=\"summary_large_image\" \/>\n<meta name=\"twitter:label1\" content=\"\u00c9crit par\" \/>\n\t<meta name=\"twitter:data1\" content=\"admin\" \/>\n\t<meta name=\"twitter:label2\" content=\"Dur\u00e9e de lecture estim\u00e9e\" \/>\n\t<meta name=\"twitter:data2\" content=\"5 minutes\" \/>\n<script type=\"application\/ld+json\" class=\"yoast-schema-graph\">{\"@context\":\"https:\/\/schema.org\",\"@graph\":[{\"@type\":\"Article\",\"@id\":\"https:\/\/ssrei.ch\/fr\/interview-avec-peter-jakob\/#article\",\"isPartOf\":{\"@id\":\"https:\/\/ssrei.ch\/fr\/interview-avec-peter-jakob\/\"},\"author\":{\"name\":\"admin\",\"@id\":\"https:\/\/ssrei.ch\/#\/schema\/person\/30a9211e2d04ad145db39e2541417023\"},\"headline\":\"Interview avec Peter Jakob\",\"datePublished\":\"2022-04-07T07:00:26+00:00\",\"dateModified\":\"2023-03-22T08:24:34+00:00\",\"mainEntityOfPage\":{\"@id\":\"https:\/\/ssrei.ch\/fr\/interview-avec-peter-jakob\/\"},\"wordCount\":882,\"commentCount\":0,\"image\":{\"@id\":\"https:\/\/ssrei.ch\/fr\/interview-avec-peter-jakob\/#primaryimage\"},\"thumbnailUrl\":\"https:\/\/ssrei.ch\/wp-content\/uploads\/2022\/03\/Peter-Jakob-1.jpg\",\"articleSection\":[\"Non classifi\u00e9(e)\"],\"inLanguage\":\"fr-FR\",\"potentialAction\":[{\"@type\":\"CommentAction\",\"name\":\"Comment\",\"target\":[\"https:\/\/ssrei.ch\/fr\/interview-avec-peter-jakob\/#respond\"]}]},{\"@type\":\"WebPage\",\"@id\":\"https:\/\/ssrei.ch\/fr\/interview-avec-peter-jakob\/\",\"url\":\"https:\/\/ssrei.ch\/fr\/interview-avec-peter-jakob\/\",\"name\":\"Interview avec Peter Jakob - SSREI\",\"isPartOf\":{\"@id\":\"https:\/\/ssrei.ch\/#website\"},\"primaryImageOfPage\":{\"@id\":\"https:\/\/ssrei.ch\/fr\/interview-avec-peter-jakob\/#primaryimage\"},\"image\":{\"@id\":\"https:\/\/ssrei.ch\/fr\/interview-avec-peter-jakob\/#primaryimage\"},\"thumbnailUrl\":\"https:\/\/ssrei.ch\/wp-content\/uploads\/2022\/03\/Peter-Jakob-1.jpg\",\"datePublished\":\"2022-04-07T07:00:26+00:00\",\"dateModified\":\"2023-03-22T08:24:34+00:00\",\"author\":{\"@id\":\"https:\/\/ssrei.ch\/#\/schema\/person\/30a9211e2d04ad145db39e2541417023\"},\"description\":\"News: Interview avec Peter Jakob, Partenaire chez Bauart Architekten und Planer, Pr\u00e9sident de la commission SIA 112\/1 et membre de l\u2019organe de contr\u00f4le SSREI\",\"breadcrumb\":{\"@id\":\"https:\/\/ssrei.ch\/fr\/interview-avec-peter-jakob\/#breadcrumb\"},\"inLanguage\":\"fr-FR\",\"potentialAction\":[{\"@type\":\"ReadAction\",\"target\":[\"https:\/\/ssrei.ch\/fr\/interview-avec-peter-jakob\/\"]}]},{\"@type\":\"ImageObject\",\"inLanguage\":\"fr-FR\",\"@id\":\"https:\/\/ssrei.ch\/fr\/interview-avec-peter-jakob\/#primaryimage\",\"url\":\"https:\/\/ssrei.ch\/wp-content\/uploads\/2022\/03\/Peter-Jakob-1.jpg\",\"contentUrl\":\"https:\/\/ssrei.ch\/wp-content\/uploads\/2022\/03\/Peter-Jakob-1.jpg\",\"width\":576,\"height\":363,\"caption\":\"Peter Jakob\"},{\"@type\":\"BreadcrumbList\",\"@id\":\"https:\/\/ssrei.ch\/fr\/interview-avec-peter-jakob\/#breadcrumb\",\"itemListElement\":[{\"@type\":\"ListItem\",\"position\":1,\"name\":\"Home\",\"item\":\"https:\/\/ssrei.ch\/fr\/\"},{\"@type\":\"ListItem\",\"position\":2,\"name\":\"Interview avec Peter Jakob\"}]},{\"@type\":\"WebSite\",\"@id\":\"https:\/\/ssrei.ch\/#website\",\"url\":\"https:\/\/ssrei.ch\/\",\"name\":\"SSREI\",\"description\":\"Swiss Sustainable Real Estate Index\",\"potentialAction\":[{\"@type\":\"SearchAction\",\"target\":{\"@type\":\"EntryPoint\",\"urlTemplate\":\"https:\/\/ssrei.ch\/?s={search_term_string}\"},\"query-input\":{\"@type\":\"PropertyValueSpecification\",\"valueRequired\":true,\"valueName\":\"search_term_string\"}}],\"inLanguage\":\"fr-FR\"},{\"@type\":\"Person\",\"@id\":\"https:\/\/ssrei.ch\/#\/schema\/person\/30a9211e2d04ad145db39e2541417023\",\"name\":\"admin\",\"sameAs\":[\"https:\/\/ssrei.ch\"],\"url\":\"https:\/\/ssrei.ch\/fr\/author\/kim_becker\/\"}]}<\/script>\n<!-- \/ Yoast SEO plugin. -->","yoast_head_json":{"title":"Interview avec Peter Jakob - SSREI","description":"News: Interview avec Peter Jakob, Partenaire chez Bauart Architekten und Planer, Pr\u00e9sident de la commission SIA 112\/1 et membre de l\u2019organe de contr\u00f4le SSREI","robots":{"index":"index","follow":"follow","max-snippet":"max-snippet:-1","max-image-preview":"max-image-preview:large","max-video-preview":"max-video-preview:-1"},"canonical":"https:\/\/ssrei.ch\/fr\/interview-avec-peter-jakob\/","og_locale":"fr_FR","og_type":"article","og_title":"Interview avec Peter Jakob - SSREI","og_description":"News: Interview avec Peter Jakob, Partenaire chez Bauart Architekten und Planer, Pr\u00e9sident de la commission SIA 112\/1 et membre de l\u2019organe de contr\u00f4le SSREI","og_url":"https:\/\/ssrei.ch\/fr\/interview-avec-peter-jakob\/","og_site_name":"SSREI","article_published_time":"2022-04-07T07:00:26+00:00","article_modified_time":"2023-03-22T08:24:34+00:00","og_image":[{"width":576,"height":363,"url":"https:\/\/ssrei.ch\/wp-content\/uploads\/2022\/03\/Peter-Jakob-1.jpg","type":"image\/jpeg"}],"author":"admin","twitter_card":"summary_large_image","twitter_misc":{"\u00c9crit par":"admin","Dur\u00e9e de lecture estim\u00e9e":"5 minutes"},"schema":{"@context":"https:\/\/schema.org","@graph":[{"@type":"Article","@id":"https:\/\/ssrei.ch\/fr\/interview-avec-peter-jakob\/#article","isPartOf":{"@id":"https:\/\/ssrei.ch\/fr\/interview-avec-peter-jakob\/"},"author":{"name":"admin","@id":"https:\/\/ssrei.ch\/#\/schema\/person\/30a9211e2d04ad145db39e2541417023"},"headline":"Interview avec Peter Jakob","datePublished":"2022-04-07T07:00:26+00:00","dateModified":"2023-03-22T08:24:34+00:00","mainEntityOfPage":{"@id":"https:\/\/ssrei.ch\/fr\/interview-avec-peter-jakob\/"},"wordCount":882,"commentCount":0,"image":{"@id":"https:\/\/ssrei.ch\/fr\/interview-avec-peter-jakob\/#primaryimage"},"thumbnailUrl":"https:\/\/ssrei.ch\/wp-content\/uploads\/2022\/03\/Peter-Jakob-1.jpg","articleSection":["Non classifi\u00e9(e)"],"inLanguage":"fr-FR","potentialAction":[{"@type":"CommentAction","name":"Comment","target":["https:\/\/ssrei.ch\/fr\/interview-avec-peter-jakob\/#respond"]}]},{"@type":"WebPage","@id":"https:\/\/ssrei.ch\/fr\/interview-avec-peter-jakob\/","url":"https:\/\/ssrei.ch\/fr\/interview-avec-peter-jakob\/","name":"Interview avec Peter Jakob - SSREI","isPartOf":{"@id":"https:\/\/ssrei.ch\/#website"},"primaryImageOfPage":{"@id":"https:\/\/ssrei.ch\/fr\/interview-avec-peter-jakob\/#primaryimage"},"image":{"@id":"https:\/\/ssrei.ch\/fr\/interview-avec-peter-jakob\/#primaryimage"},"thumbnailUrl":"https:\/\/ssrei.ch\/wp-content\/uploads\/2022\/03\/Peter-Jakob-1.jpg","datePublished":"2022-04-07T07:00:26+00:00","dateModified":"2023-03-22T08:24:34+00:00","author":{"@id":"https:\/\/ssrei.ch\/#\/schema\/person\/30a9211e2d04ad145db39e2541417023"},"description":"News: Interview avec Peter Jakob, Partenaire chez Bauart Architekten und Planer, Pr\u00e9sident de la commission SIA 112\/1 et membre de l\u2019organe de contr\u00f4le SSREI","breadcrumb":{"@id":"https:\/\/ssrei.ch\/fr\/interview-avec-peter-jakob\/#breadcrumb"},"inLanguage":"fr-FR","potentialAction":[{"@type":"ReadAction","target":["https:\/\/ssrei.ch\/fr\/interview-avec-peter-jakob\/"]}]},{"@type":"ImageObject","inLanguage":"fr-FR","@id":"https:\/\/ssrei.ch\/fr\/interview-avec-peter-jakob\/#primaryimage","url":"https:\/\/ssrei.ch\/wp-content\/uploads\/2022\/03\/Peter-Jakob-1.jpg","contentUrl":"https:\/\/ssrei.ch\/wp-content\/uploads\/2022\/03\/Peter-Jakob-1.jpg","width":576,"height":363,"caption":"Peter Jakob"},{"@type":"BreadcrumbList","@id":"https:\/\/ssrei.ch\/fr\/interview-avec-peter-jakob\/#breadcrumb","itemListElement":[{"@type":"ListItem","position":1,"name":"Home","item":"https:\/\/ssrei.ch\/fr\/"},{"@type":"ListItem","position":2,"name":"Interview avec Peter Jakob"}]},{"@type":"WebSite","@id":"https:\/\/ssrei.ch\/#website","url":"https:\/\/ssrei.ch\/","name":"SSREI","description":"Swiss Sustainable Real Estate Index","potentialAction":[{"@type":"SearchAction","target":{"@type":"EntryPoint","urlTemplate":"https:\/\/ssrei.ch\/?s={search_term_string}"},"query-input":{"@type":"PropertyValueSpecification","valueRequired":true,"valueName":"search_term_string"}}],"inLanguage":"fr-FR"},{"@type":"Person","@id":"https:\/\/ssrei.ch\/#\/schema\/person\/30a9211e2d04ad145db39e2541417023","name":"admin","sameAs":["https:\/\/ssrei.ch"],"url":"https:\/\/ssrei.ch\/fr\/author\/kim_becker\/"}]}},"_links":{"self":[{"href":"https:\/\/ssrei.ch\/fr\/wp-json\/wp\/v2\/posts\/8563","targetHints":{"allow":["GET"]}}],"collection":[{"href":"https:\/\/ssrei.ch\/fr\/wp-json\/wp\/v2\/posts"}],"about":[{"href":"https:\/\/ssrei.ch\/fr\/wp-json\/wp\/v2\/types\/post"}],"author":[{"embeddable":true,"href":"https:\/\/ssrei.ch\/fr\/wp-json\/wp\/v2\/users\/1"}],"replies":[{"embeddable":true,"href":"https:\/\/ssrei.ch\/fr\/wp-json\/wp\/v2\/comments?post=8563"}],"version-history":[{"count":3,"href":"https:\/\/ssrei.ch\/fr\/wp-json\/wp\/v2\/posts\/8563\/revisions"}],"predecessor-version":[{"id":9916,"href":"https:\/\/ssrei.ch\/fr\/wp-json\/wp\/v2\/posts\/8563\/revisions\/9916"}],"wp:featuredmedia":[{"embeddable":true,"href":"https:\/\/ssrei.ch\/fr\/wp-json\/wp\/v2\/media\/8774"}],"wp:attachment":[{"href":"https:\/\/ssrei.ch\/fr\/wp-json\/wp\/v2\/media?parent=8563"}],"wp:term":[{"taxonomy":"category","embeddable":true,"href":"https:\/\/ssrei.ch\/fr\/wp-json\/wp\/v2\/categories?post=8563"},{"taxonomy":"post_tag","embeddable":true,"href":"https:\/\/ssrei.ch\/fr\/wp-json\/wp\/v2\/tags?post=8563"}],"curies":[{"name":"wp","href":"https:\/\/api.w.org\/{rel}","templated":true}]}}