{"id":14668,"date":"2025-11-25T18:34:49","date_gmt":"2025-11-25T16:34:49","guid":{"rendered":"https:\/\/ssrei.ch\/interview-avec-andreas-meyer-primavesi\/"},"modified":"2025-11-25T18:43:51","modified_gmt":"2025-11-25T16:43:51","slug":"interview-avec-andreas-meyer-primavesi","status":"publish","type":"post","link":"https:\/\/ssrei.ch\/fr\/interview-avec-andreas-meyer-primavesi\/","title":{"rendered":"Interview avec Andreas Meyer Primavesi"},"content":{"rendered":"<h5>Andreas Meyer Primavesi, directeur de l\u2019association Minergie, sur le th\u00e8me<br \/>\n\u00ab Minergie et MoPEC 2025 \u2013 une longue histoire qui continue \u00bb.<\/h5>\n<h5><em>Qui \u00eates-vous ?<\/em><\/h5>\n<p>Je suis directeur des deux associations Minergie et CECB, et ing\u00e9nieur forestier de formation.<\/p>\n<h5><em>La norme Minergie a \u00e9t\u00e9 publi\u00e9e en 1998. Une success story ?<\/em><\/h5>\n<p>Minergie est depuis des d\u00e9cennies un pr\u00e9curseur de la l\u00e9gislation. \u00c0 l\u2019\u00e9chelle internationale, Minergie b\u00e9n\u00e9ficie d\u2019une diffusion et d\u2019une notori\u00e9t\u00e9 de marque uniques. Il ne faut pas sous-estimer son impact indirect. Gr\u00e2ce \u00e0 Minergie, les fen\u00eatres isolantes, l\u2019isolation des fa\u00e7ades, la ventilation des logements et les pompes \u00e0 chaleur sont devenues des standards. Dans les ann\u00e9es 1990, tout cela paraissait encore tr\u00e8s exotique. Minergie a d\u00e9montr\u00e9 que ces mesures ne prot\u00e8gent pas seulement l\u2019environnement, mais am\u00e9liorent aussi le confort et la valeur des b\u00e2timents, rendant ainsi la construction durable socialement acceptable.<\/p>\n<h5><em>Certains \u00e9l\u00e9ments ont ensuite \u00e9t\u00e9 int\u00e9gr\u00e9s dans les MoPEC et donc dans les lois cantonales sur l\u2019\u00e9nergie ?<\/em><\/h5>\n<p>Oui, c\u2019est exact. Les pionniers des ann\u00e9es 1990 me rappellent souvent que les exigences de Minergie \u00e9taient alors jug\u00e9es absurdes et utopiques : r\u00e9duire la consommation d\u2019\u00e9nergie par trois, utiliser l\u2019\u00e9nergie solaire, imposer la ventilation dans les b\u00e2timents r\u00e9sidentiels \u2013 c\u2019\u00e9tait audacieux. Ce n\u2019est qu\u2019apr\u00e8s que Minergie ait prouv\u00e9 la faisabilit\u00e9 technique et \u00e9conomique de ces mesures qu\u2019il a \u00e9t\u00e9 possible d\u2019obtenir des majorit\u00e9s politiques pour les int\u00e9grer aux MoPEC.<\/p>\n<h5><em>Les architectes expriment parfois des r\u00e9serves ou des malentendus \u00e0 propos de Minergie. Qu\u2019est-ce qui est critiqu\u00e9 exactement ?<\/em><\/h5>\n<p>C\u2019est en partie normal : nous leur demandons beaucoup. M\u00eame sans Minergie, les architectes doivent concilier de nombreux objectifs. Certains pr\u00e9f\u00e9reraient sans doute donner d\u2019autres priorit\u00e9s que celles du climat, de l\u2019efficacit\u00e9 et du confort. C\u2019est un malentendu de croire que les exigences Minergie limitent la libert\u00e9 architecturale \u2013 il existe de nombreux projets Minergie d\u2019une grande qualit\u00e9 architecturale. Apr\u00e8s presque 30 ans, nous n\u2019avons cependant pas encore r\u00e9ussi \u00e0 communiquer pleinement l\u2019int\u00e9r\u00eat d\u2019une bonne isolation et ventilation. Par exemple, il faut beaucoup de temps pour que les avantages d\u2019une ventilation de base soient connus dans les r\u00e9novations. Ce qui m\u2019importe surtout, c\u2019est que la tr\u00e8s grande majorit\u00e9 des utilisateurs sont satisfaits : 9 sur 10 reconstruiraient selon le concept Minergie.<\/p>\n<h5><em>Que manque-t-il pour convaincre le dernier r\u00e9ticent ?<\/em><\/h5>\n<p>Obtenir 10 sur 10 est impossible : en Suisse, chaque b\u00e2timent est con\u00e7u, construit et exploit\u00e9 individuellement. Seuls les b\u00e2timents totalement industrialis\u00e9s et standardis\u00e9s peuvent y parvenir. Mais les renforcements r\u00e9cents concernant la mise en service, la protection contre la chaleur estivale ou la r\u00e9gulation de la ventilation portent leurs fruits. Les plaintes concernant l\u2019air trop sec sont devenues rares, m\u00eame si la surchauffe estivale reste un d\u00e9fi.<\/p>\n<h5><em>Pourquoi tant de r\u00e9sistance \u00e0 la ventilation ?<\/em><\/h5>\n<p>Malheureusement, le sujet a \u00e9t\u00e9 trop \u00e9motionnel d\u00e8s le d\u00e9part. On parlait de \u00ab ventilation forc\u00e9e \u00bb, d\u2019une \u00ab perte de libert\u00e9 des utilisateurs \u00bb. Des contre-v\u00e9rit\u00e9s, comme l\u2019interdiction suppos\u00e9e d\u2019ouvrir les fen\u00eatres dans les b\u00e2timents Minergie, ont circul\u00e9 et circulent encore. Mais la situation s\u2019am\u00e9liore, et le r\u00e9chauffement climatique pourrait m\u00eame aider : beaucoup de b\u00e2timents devront \u00eatre rafra\u00eechis \u00e0 l\u2019avenir \u2013 logements, bureaux, \u00e9coles, EMS, etc. Refroidir sans ventilation avec r\u00e9cup\u00e9ration de chaleur n\u2019a pas de sens. Cette r\u00e9cup\u00e9ration est aussi cruciale en hiver : elle permet d\u2019\u00e9conomiser beaucoup d\u2019\u00e9nergie de chauffage, pr\u00e9cis\u00e9ment quand elle est la plus n\u00e9cessaire. L\u2019efficacit\u00e9 vaut mieux que de nouvelles centrales \u00e0 gaz, nucl\u00e9aires, \u00e9oliennes ou solaires isol\u00e9es \u2013 c\u2019est un bon compromis.<\/p>\n<h5><em>Pourquoi la ventilation n\u2019est-elle pas encore obligatoire comme dans les pays scandinaves ?<\/em><\/h5>\n<p>Je l\u2019ignore. Ce sujet n\u2019a d\u2019ailleurs pas vraiment \u00e9t\u00e9 abord\u00e9 dans le cadre des nouvelles MoPEC 2025.<\/p>\n<h5><em>Comment \u00e9valuez-vous les MoPEC 2025 ?<\/em><\/h5>\n<p>Je les trouve \u00e0 la fois progressistes et agr\u00e9ablement pragmatiques.<\/p>\n<h5><em>Pouvez-vous pr\u00e9ciser ?<\/em><\/h5>\n<p>Les cantons avaient pour mission, avec les MoPEC 2025, de faire un pas significatif vers la Strat\u00e9gie \u00e9nerg\u00e9tique 2050 et l\u2019objectif \u00ab z\u00e9ro net \u00bb de 2050. Cela signifie simplifier o\u00f9 c\u2019est possible, supprimer les exigences inutiles et renforcer celles n\u00e9cessaires. Simplifier la l\u00e9gislation \u00e9nerg\u00e9tique est un d\u00e9fi, car les attentes envers les b\u00e2timents augmentent. J\u2019appr\u00e9cie que les MoPEC 2025 n\u2019essaient pas de tout r\u00e9inventer, mais se contentent d\u2019ajustements cibl\u00e9s et de simplifications de preuve. Les limites pour l\u2019\u00e9nergie grise sont peut-\u00eatre la seule v\u00e9ritable nouveaut\u00e9 pour beaucoup \u2013 mais on passe \u00e0 c\u00f4t\u00e9 d\u2019un point essentiel.<\/p>\n<h5><em>Lequel ?<\/em><\/h5>\n<p>L\u2019impact r\u00e9el viendrait de l\u2019introduction des exigences de r\u00e9novation dans tous les cantons : obligation d\u2019autoproduction d\u2019\u00e9lectricit\u00e9 lors de r\u00e9novations de toitures (art. 1.25), interdiction quasi totale des chauffages fossiles (art. 1.29) et \u00ab petite obligation de r\u00e9novation \u00bb pour les enveloppes des b\u00e2timents (art. 13.1).<\/p>\n<h5><em>Si cela figure dans les MoPEC, les cantons doivent-ils l\u2019appliquer ?<\/em><\/h5>\n<p>Les cantons se sont engag\u00e9s \u00e0 transposer rapidement les dispositions du module de base, mais restent libres pour les autres. Il faut donc obtenir des majorit\u00e9s politiques et populaires. Les critiques des MoPEC oublient parfois cela lorsqu\u2019ils r\u00e9clament, par exemple, des limites plus strictes pour l\u2019\u00e9nergie grise.<\/p>\n<h5><em>Pensez-vous que les exigences sur l\u2019\u00e9nergie grise poseront probl\u00e8me ?<\/em><\/h5>\n<p>Non. Elles reposent sur des bases m\u00e9thodologiques et des valeurs seuils test\u00e9es et optimis\u00e9es pendant des ann\u00e9es dans les labels Minergie et ECO. On pourra continuer \u00e0 construire partout, sauf cas tr\u00e8s particuliers que les MoPEC 2025 permettent de traiter s\u00e9par\u00e9ment. Une fois la branche habitu\u00e9e, les valeurs limites pourront \u00eatre progressivement renforc\u00e9es.<\/p>\n<h5><em>Et Minergie, va-t-il plus loin que les MoPEC 2025 ?<\/em><\/h5>\n<p>Oui. Ces derni\u00e8res ann\u00e9es, nous avons pris une avance significative, qui subsistera en 2025 : exigences plus \u00e9lev\u00e9es sur l\u2019enveloppe du b\u00e2timent, l\u2019efficacit\u00e9 \u00e9nerg\u00e9tique globale, la qualit\u00e9 de l\u2019air int\u00e9rieur et la protection contre la chaleur. Les valeurs pour l\u2019\u00e9nergie grise seront encore renforc\u00e9es d\u00e9but 2026. De plus, les nouvelles MoPEC permettent de prouver l\u2019ensemble du besoin \u00e9nerg\u00e9tique des b\u00e2timents neufs (parties B \u00e0 F) par un label Minergie ou un certificat CECB.<\/p>\n<h5><em>Quel est l\u2019avantage ?<\/em><\/h5>\n<p>Exemple : pour les nouvelles constructions, une installation photovolta\u00efque de 20 Wc\/m\u00b2 de surface de r\u00e9f\u00e9rence \u00e9nerg\u00e9tique est exig\u00e9e, ce qui impose parfois des panneaux en fa\u00e7ade. Avec Minergie, il suffit de couvrir enti\u00e8rement le toit, mais avec des exigences d\u2019efficacit\u00e9 plus strictes. Dans certains projets, cette approche pourrait s\u2019av\u00e9rer plus intelligente.<\/p>\n<h5><em>Un \u00e9l\u00e9ment cl\u00e9 de la solution \u00e9nerg\u00e9tique est aussi l\u2019exploitation. En mai, le standard \u00ab Minergie Exploitation \u00bb a \u00e9t\u00e9 lanc\u00e9. Quels enseignements en tirez-vous ?<\/em><\/h5>\n<p>Sur le plan positif : nous atteignons presque toujours 15 % d\u2019\u00e9conomie d\u2019\u00e9nergie. Le potentiel est donc \u00e9vident, mais encore sous-estim\u00e9 \u2013 notamment \u00e0 cause des prix actuels de l\u2019\u00e9nergie et du dilemme bailleurs-locataires. Minergie Exploitation a donc besoin d\u2019un peu de temps. Mais de plus en plus de propri\u00e9taires reconnaissent ce potentiel. Une douzaine de demandes ont d\u00e9j\u00e0 \u00e9t\u00e9 d\u00e9pos\u00e9es quelques mois apr\u00e8s le lancement, ce qui est encourageant.<\/p>\n<h5><em>On pourrait donc dire, en conclusion, qu\u2019un b\u00e2timent construit selon Minergie et exploit\u00e9 selon Minergie Exploitation r\u00e9sout une grande partie du probl\u00e8me \u00e9nerg\u00e9tique ?<\/em><\/h5>\n<p>Oui. Si, en 2050, tous les b\u00e2timents suisses r\u00e9pondaient au standard Minergie, notre secteur atteindrait ses objectifs \u2013 et les habitants seraient prot\u00e9g\u00e9s du r\u00e9chauffement climatique. Mais j\u2019en doute : il ne reste que 25 ans pour r\u00e9nover plus d\u2019un million de b\u00e2timents, une t\u00e2che hercul\u00e9enne. Supprimer la valeur locative ou le programme b\u00e2timents rendrait l\u2019objectif hors de port\u00e9e. Cela ne me d\u00e9courage pas : chaque b\u00e2timent Minergie contribue \u00e0 la lutte contre le r\u00e9chauffement. Chaque remplacement de chauffage fossile, chaque isolation de toiture ou de plafond de cave, chaque changement de fen\u00eatre compte. Si cela permet de pr\u00e9server nos glaciers quelques d\u00e9cennies de plus, cela en vaut la peine.<\/p>\n<h5><em>Merci beaucoup, Monsieur Meyer Primavesi, pour votre temps et cet entretien passionnant.<\/em><\/h5>\n","protected":false},"excerpt":{"rendered":"<p>Andreas Meyer Primavesi, directeur de l\u2019association Minergie, sur le th\u00e8me \u00ab Minergie et MoPEC 2025 \u2013 une longue histoire qui continue \u00bb. Qui \u00eates-vous ? Je suis directeur des deux associations Minergie et CECB, et ing\u00e9nieur forestier de formation. La norme Minergie a \u00e9t\u00e9 publi\u00e9e en 1998. Une success story ? Minergie est depuis des&#8230;<\/p>\n","protected":false},"author":5,"featured_media":14666,"comment_status":"closed","ping_status":"open","sticky":false,"template":"","format":"standard","meta":{"_acf_changed":false,"footnotes":""},"categories":[9],"tags":[],"class_list":["post-14668","post","type-post","status-publish","format-standard","has-post-thumbnail","hentry","category-non-classifiee"],"acf":[],"yoast_head":"<!-- This site is optimized with the Yoast SEO plugin v27.2 - https:\/\/yoast.com\/product\/yoast-seo-wordpress\/ -->\n<title>Interview avec Andreas Meyer Primavesi - SSREI<\/title>\n<meta name=\"robots\" content=\"index, follow, max-snippet:-1, max-image-preview:large, max-video-preview:-1\" \/>\n<link rel=\"canonical\" href=\"https:\/\/ssrei.ch\/fr\/interview-avec-andreas-meyer-primavesi\/\" \/>\n<meta property=\"og:locale\" content=\"fr_FR\" \/>\n<meta property=\"og:type\" content=\"article\" \/>\n<meta property=\"og:title\" content=\"Interview avec Andreas Meyer Primavesi - SSREI\" \/>\n<meta property=\"og:description\" content=\"Andreas Meyer Primavesi, directeur de l\u2019association Minergie, sur le th\u00e8me \u00ab Minergie et MoPEC 2025 \u2013 une longue histoire qui continue \u00bb. Qui \u00eates-vous ? Je suis directeur des deux associations Minergie et CECB, et ing\u00e9nieur forestier de formation. La norme Minergie a \u00e9t\u00e9 publi\u00e9e en 1998. Une success story ? Minergie est depuis des...\" \/>\n<meta property=\"og:url\" content=\"https:\/\/ssrei.ch\/fr\/interview-avec-andreas-meyer-primavesi\/\" \/>\n<meta property=\"og:site_name\" content=\"SSREI\" \/>\n<meta property=\"article:published_time\" content=\"2025-11-25T16:34:49+00:00\" \/>\n<meta property=\"article:modified_time\" content=\"2025-11-25T16:43:51+00:00\" \/>\n<meta property=\"og:image\" content=\"https:\/\/ssrei.ch\/wp-content\/uploads\/2025\/11\/AMP_0159_bea-heller_web.jpg\" \/>\n\t<meta property=\"og:image:width\" content=\"1030\" \/>\n\t<meta property=\"og:image:height\" content=\"930\" \/>\n\t<meta property=\"og:image:type\" content=\"image\/jpeg\" \/>\n<meta name=\"author\" content=\"Elodie Gadola\" \/>\n<meta name=\"twitter:card\" content=\"summary_large_image\" \/>\n<meta name=\"twitter:label1\" content=\"\u00c9crit par\" \/>\n\t<meta name=\"twitter:data1\" content=\"Elodie Gadola\" \/>\n\t<meta name=\"twitter:label2\" content=\"Dur\u00e9e de lecture estim\u00e9e\" \/>\n\t<meta name=\"twitter:data2\" content=\"8 minutes\" \/>\n<script type=\"application\/ld+json\" class=\"yoast-schema-graph\">{\"@context\":\"https:\/\/schema.org\",\"@graph\":[{\"@type\":\"Article\",\"@id\":\"https:\/\/ssrei.ch\/fr\/interview-avec-andreas-meyer-primavesi\/#article\",\"isPartOf\":{\"@id\":\"https:\/\/ssrei.ch\/fr\/interview-avec-andreas-meyer-primavesi\/\"},\"author\":{\"name\":\"Elodie Gadola\",\"@id\":\"https:\/\/ssrei.ch\/#\/schema\/person\/7b00af919b1c488cf92a41df137eb49f\"},\"headline\":\"Interview avec Andreas Meyer Primavesi\",\"datePublished\":\"2025-11-25T16:34:49+00:00\",\"dateModified\":\"2025-11-25T16:43:51+00:00\",\"mainEntityOfPage\":{\"@id\":\"https:\/\/ssrei.ch\/fr\/interview-avec-andreas-meyer-primavesi\/\"},\"wordCount\":1413,\"image\":{\"@id\":\"https:\/\/ssrei.ch\/fr\/interview-avec-andreas-meyer-primavesi\/#primaryimage\"},\"thumbnailUrl\":\"https:\/\/ssrei.ch\/wp-content\/uploads\/2025\/11\/AMP_0159_bea-heller_web.jpg\",\"articleSection\":[\"Non classifi\u00e9(e)\"],\"inLanguage\":\"fr-FR\"},{\"@type\":\"WebPage\",\"@id\":\"https:\/\/ssrei.ch\/fr\/interview-avec-andreas-meyer-primavesi\/\",\"url\":\"https:\/\/ssrei.ch\/fr\/interview-avec-andreas-meyer-primavesi\/\",\"name\":\"Interview avec Andreas Meyer Primavesi - SSREI\",\"isPartOf\":{\"@id\":\"https:\/\/ssrei.ch\/#website\"},\"primaryImageOfPage\":{\"@id\":\"https:\/\/ssrei.ch\/fr\/interview-avec-andreas-meyer-primavesi\/#primaryimage\"},\"image\":{\"@id\":\"https:\/\/ssrei.ch\/fr\/interview-avec-andreas-meyer-primavesi\/#primaryimage\"},\"thumbnailUrl\":\"https:\/\/ssrei.ch\/wp-content\/uploads\/2025\/11\/AMP_0159_bea-heller_web.jpg\",\"datePublished\":\"2025-11-25T16:34:49+00:00\",\"dateModified\":\"2025-11-25T16:43:51+00:00\",\"author\":{\"@id\":\"https:\/\/ssrei.ch\/#\/schema\/person\/7b00af919b1c488cf92a41df137eb49f\"},\"breadcrumb\":{\"@id\":\"https:\/\/ssrei.ch\/fr\/interview-avec-andreas-meyer-primavesi\/#breadcrumb\"},\"inLanguage\":\"fr-FR\",\"potentialAction\":[{\"@type\":\"ReadAction\",\"target\":[\"https:\/\/ssrei.ch\/fr\/interview-avec-andreas-meyer-primavesi\/\"]}]},{\"@type\":\"ImageObject\",\"inLanguage\":\"fr-FR\",\"@id\":\"https:\/\/ssrei.ch\/fr\/interview-avec-andreas-meyer-primavesi\/#primaryimage\",\"url\":\"https:\/\/ssrei.ch\/wp-content\/uploads\/2025\/11\/AMP_0159_bea-heller_web.jpg\",\"contentUrl\":\"https:\/\/ssrei.ch\/wp-content\/uploads\/2025\/11\/AMP_0159_bea-heller_web.jpg\",\"width\":1030,\"height\":930},{\"@type\":\"BreadcrumbList\",\"@id\":\"https:\/\/ssrei.ch\/fr\/interview-avec-andreas-meyer-primavesi\/#breadcrumb\",\"itemListElement\":[{\"@type\":\"ListItem\",\"position\":1,\"name\":\"Home\",\"item\":\"https:\/\/ssrei.ch\/fr\/\"},{\"@type\":\"ListItem\",\"position\":2,\"name\":\"Interview avec Andreas Meyer Primavesi\"}]},{\"@type\":\"WebSite\",\"@id\":\"https:\/\/ssrei.ch\/#website\",\"url\":\"https:\/\/ssrei.ch\/\",\"name\":\"SSREI\",\"description\":\"Swiss Sustainable Real Estate Index\",\"potentialAction\":[{\"@type\":\"SearchAction\",\"target\":{\"@type\":\"EntryPoint\",\"urlTemplate\":\"https:\/\/ssrei.ch\/?s={search_term_string}\"},\"query-input\":{\"@type\":\"PropertyValueSpecification\",\"valueRequired\":true,\"valueName\":\"search_term_string\"}}],\"inLanguage\":\"fr-FR\"},{\"@type\":\"Person\",\"@id\":\"https:\/\/ssrei.ch\/#\/schema\/person\/7b00af919b1c488cf92a41df137eb49f\",\"name\":\"Elodie Gadola\",\"url\":\"https:\/\/ssrei.ch\/fr\/author\/elodie-gadola\/\"}]}<\/script>\n<!-- \/ Yoast SEO plugin. -->","yoast_head_json":{"title":"Interview avec Andreas Meyer Primavesi - SSREI","robots":{"index":"index","follow":"follow","max-snippet":"max-snippet:-1","max-image-preview":"max-image-preview:large","max-video-preview":"max-video-preview:-1"},"canonical":"https:\/\/ssrei.ch\/fr\/interview-avec-andreas-meyer-primavesi\/","og_locale":"fr_FR","og_type":"article","og_title":"Interview avec Andreas Meyer Primavesi - SSREI","og_description":"Andreas Meyer Primavesi, directeur de l\u2019association Minergie, sur le th\u00e8me \u00ab Minergie et MoPEC 2025 \u2013 une longue histoire qui continue \u00bb. Qui \u00eates-vous ? Je suis directeur des deux associations Minergie et CECB, et ing\u00e9nieur forestier de formation. La norme Minergie a \u00e9t\u00e9 publi\u00e9e en 1998. Une success story ? Minergie est depuis des...","og_url":"https:\/\/ssrei.ch\/fr\/interview-avec-andreas-meyer-primavesi\/","og_site_name":"SSREI","article_published_time":"2025-11-25T16:34:49+00:00","article_modified_time":"2025-11-25T16:43:51+00:00","og_image":[{"width":1030,"height":930,"url":"https:\/\/ssrei.ch\/wp-content\/uploads\/2025\/11\/AMP_0159_bea-heller_web.jpg","type":"image\/jpeg"}],"author":"Elodie Gadola","twitter_card":"summary_large_image","twitter_misc":{"\u00c9crit par":"Elodie Gadola","Dur\u00e9e de lecture estim\u00e9e":"8 minutes"},"schema":{"@context":"https:\/\/schema.org","@graph":[{"@type":"Article","@id":"https:\/\/ssrei.ch\/fr\/interview-avec-andreas-meyer-primavesi\/#article","isPartOf":{"@id":"https:\/\/ssrei.ch\/fr\/interview-avec-andreas-meyer-primavesi\/"},"author":{"name":"Elodie Gadola","@id":"https:\/\/ssrei.ch\/#\/schema\/person\/7b00af919b1c488cf92a41df137eb49f"},"headline":"Interview avec Andreas Meyer Primavesi","datePublished":"2025-11-25T16:34:49+00:00","dateModified":"2025-11-25T16:43:51+00:00","mainEntityOfPage":{"@id":"https:\/\/ssrei.ch\/fr\/interview-avec-andreas-meyer-primavesi\/"},"wordCount":1413,"image":{"@id":"https:\/\/ssrei.ch\/fr\/interview-avec-andreas-meyer-primavesi\/#primaryimage"},"thumbnailUrl":"https:\/\/ssrei.ch\/wp-content\/uploads\/2025\/11\/AMP_0159_bea-heller_web.jpg","articleSection":["Non classifi\u00e9(e)"],"inLanguage":"fr-FR"},{"@type":"WebPage","@id":"https:\/\/ssrei.ch\/fr\/interview-avec-andreas-meyer-primavesi\/","url":"https:\/\/ssrei.ch\/fr\/interview-avec-andreas-meyer-primavesi\/","name":"Interview avec Andreas Meyer Primavesi - SSREI","isPartOf":{"@id":"https:\/\/ssrei.ch\/#website"},"primaryImageOfPage":{"@id":"https:\/\/ssrei.ch\/fr\/interview-avec-andreas-meyer-primavesi\/#primaryimage"},"image":{"@id":"https:\/\/ssrei.ch\/fr\/interview-avec-andreas-meyer-primavesi\/#primaryimage"},"thumbnailUrl":"https:\/\/ssrei.ch\/wp-content\/uploads\/2025\/11\/AMP_0159_bea-heller_web.jpg","datePublished":"2025-11-25T16:34:49+00:00","dateModified":"2025-11-25T16:43:51+00:00","author":{"@id":"https:\/\/ssrei.ch\/#\/schema\/person\/7b00af919b1c488cf92a41df137eb49f"},"breadcrumb":{"@id":"https:\/\/ssrei.ch\/fr\/interview-avec-andreas-meyer-primavesi\/#breadcrumb"},"inLanguage":"fr-FR","potentialAction":[{"@type":"ReadAction","target":["https:\/\/ssrei.ch\/fr\/interview-avec-andreas-meyer-primavesi\/"]}]},{"@type":"ImageObject","inLanguage":"fr-FR","@id":"https:\/\/ssrei.ch\/fr\/interview-avec-andreas-meyer-primavesi\/#primaryimage","url":"https:\/\/ssrei.ch\/wp-content\/uploads\/2025\/11\/AMP_0159_bea-heller_web.jpg","contentUrl":"https:\/\/ssrei.ch\/wp-content\/uploads\/2025\/11\/AMP_0159_bea-heller_web.jpg","width":1030,"height":930},{"@type":"BreadcrumbList","@id":"https:\/\/ssrei.ch\/fr\/interview-avec-andreas-meyer-primavesi\/#breadcrumb","itemListElement":[{"@type":"ListItem","position":1,"name":"Home","item":"https:\/\/ssrei.ch\/fr\/"},{"@type":"ListItem","position":2,"name":"Interview avec Andreas Meyer Primavesi"}]},{"@type":"WebSite","@id":"https:\/\/ssrei.ch\/#website","url":"https:\/\/ssrei.ch\/","name":"SSREI","description":"Swiss Sustainable Real Estate Index","potentialAction":[{"@type":"SearchAction","target":{"@type":"EntryPoint","urlTemplate":"https:\/\/ssrei.ch\/?s={search_term_string}"},"query-input":{"@type":"PropertyValueSpecification","valueRequired":true,"valueName":"search_term_string"}}],"inLanguage":"fr-FR"},{"@type":"Person","@id":"https:\/\/ssrei.ch\/#\/schema\/person\/7b00af919b1c488cf92a41df137eb49f","name":"Elodie Gadola","url":"https:\/\/ssrei.ch\/fr\/author\/elodie-gadola\/"}]}},"_links":{"self":[{"href":"https:\/\/ssrei.ch\/fr\/wp-json\/wp\/v2\/posts\/14668","targetHints":{"allow":["GET"]}}],"collection":[{"href":"https:\/\/ssrei.ch\/fr\/wp-json\/wp\/v2\/posts"}],"about":[{"href":"https:\/\/ssrei.ch\/fr\/wp-json\/wp\/v2\/types\/post"}],"author":[{"embeddable":true,"href":"https:\/\/ssrei.ch\/fr\/wp-json\/wp\/v2\/users\/5"}],"replies":[{"embeddable":true,"href":"https:\/\/ssrei.ch\/fr\/wp-json\/wp\/v2\/comments?post=14668"}],"version-history":[{"count":3,"href":"https:\/\/ssrei.ch\/fr\/wp-json\/wp\/v2\/posts\/14668\/revisions"}],"predecessor-version":[{"id":14671,"href":"https:\/\/ssrei.ch\/fr\/wp-json\/wp\/v2\/posts\/14668\/revisions\/14671"}],"wp:featuredmedia":[{"embeddable":true,"href":"https:\/\/ssrei.ch\/fr\/wp-json\/wp\/v2\/media\/14666"}],"wp:attachment":[{"href":"https:\/\/ssrei.ch\/fr\/wp-json\/wp\/v2\/media?parent=14668"}],"wp:term":[{"taxonomy":"category","embeddable":true,"href":"https:\/\/ssrei.ch\/fr\/wp-json\/wp\/v2\/categories?post=14668"},{"taxonomy":"post_tag","embeddable":true,"href":"https:\/\/ssrei.ch\/fr\/wp-json\/wp\/v2\/tags?post=14668"}],"curies":[{"name":"wp","href":"https:\/\/api.w.org\/{rel}","templated":true}]}}