{"id":14638,"date":"2025-11-25T17:55:24","date_gmt":"2025-11-25T15:55:24","guid":{"rendered":"https:\/\/ssrei.ch\/mopec-quo-vadis\/"},"modified":"2025-11-25T17:59:19","modified_gmt":"2025-11-25T15:59:19","slug":"mopec-quo-vadis","status":"publish","type":"post","link":"https:\/\/ssrei.ch\/fr\/mopec-quo-vadis\/","title":{"rendered":"MoPEC \u2013 quo vadis?"},"content":{"rendered":"<h5>La Conf\u00e9rence des directrices et directeurs cantonaux de l\u2019\u00e9nergie a adopt\u00e9 le 29 ao\u00fbt 2025 les prescriptions mod\u00e8les des cantons dans le domaine de l\u2019\u00e9nergie r\u00e9vis\u00e9es (<span style=\"color: #ff9900;\"><a style=\"color: #ff9900;\" href=\"https:\/\/hubenergiebatiment.ch\/politique-energetique-des-cantons\/mopec-2025\/\" target=\"_blank\" rel=\"noopener\">MoPEC 2025<\/a><\/span>). Les cantons disposent ainsi de recommandations actualis\u00e9es pour la mise en \u0153uvre des objectifs \u00e9nerg\u00e9tiques et climatiques dans le domaine des b\u00e2timents ainsi que pour la r\u00e9vision des lois cantonales sur l\u2019\u00e9nergie.<\/h5>\n<p>Depuis 1992, le MoPEC soutient, en tant que recommandations applicables dans toute la Suisse, une mise en \u0153uvre coordonn\u00e9e de la politique \u00e9nerg\u00e9tique et climatique dans le droit cantonal de la construction et de l\u2019\u00e9nergie, tout en tenant compte des sp\u00e9cificit\u00e9s cantonales. Il a largement contribu\u00e9 \u00e0 l\u2019am\u00e9lioration de l\u2019efficacit\u00e9 \u00e9nerg\u00e9tique, \u00e0 la production d\u2019\u00e9nergies renouvelables et \u00e0 la r\u00e9duction des \u00e9missions de gaz \u00e0 effet de serre dans le secteur du b\u00e2timent. Un objectif important du MoPEC est d\u2019atteindre un degr\u00e9 \u00e9lev\u00e9 d\u2019harmonisation des prescriptions \u00e9nerg\u00e9tiques cantonales, afin de faciliter la planification et les proc\u00e9dures d\u2019autorisation pour les ma\u00eetres d\u2019ouvrage et les sp\u00e9cialistes actifs dans plusieurs cantons. Avec le MoPEC 2025, cette base \u00e9prouv\u00e9e pour les cantons est r\u00e9vis\u00e9e pour la cinqui\u00e8me fois.<\/p>\n<h5>Construire de mani\u00e8re durable et \u00e9conome en ressources : pour les nouvelles constructions, l\u2019isolation, les syst\u00e8mes de chauffage renouvelables, le courant solaire et l\u2019\u00e9nergie grise comptent<\/h5>\n<p>Avec la r\u00e9vision, les exigences pour les nouvelles constructions sont d\u00e9velopp\u00e9es de mani\u00e8re pragmatique. Ainsi, le MoPEC 2025 introduit de nouvelles valeurs limites concernant l\u2019\u00e9nergie grise lors de la r\u00e9alisation de nouvelles constructions. Les exigences relatives \u00e0 la protection thermique restent inchang\u00e9es. D\u00e9sormais, la production de chaleur devra \u00eatre d\u2019origine renouvelable. Cette exigence ne repr\u00e9sente pratiquement pas un durcissement \u2013 car aujourd\u2019hui d\u00e9j\u00e0, presque plus aucun syst\u00e8me fossile n\u2019est install\u00e9. En ce qui concerne la production propre d\u2019\u00e9lectricit\u00e9, les exigences sont relev\u00e9es et adapt\u00e9es \u00e0 l\u2019\u00e9lectrification croissante des b\u00e2timents due \u00e0 l\u2019utilisation accrue des pompes \u00e0 chaleur et de l\u2019\u00e9lectromobilit\u00e9.<\/p>\n<h5>R\u00e9nover durablement : chauffer de mani\u00e8re renouvelable et utiliser son propre courant solaire<\/h5>\n<p>Dans les b\u00e2timents existants, les \u00e9missions de CO\u2082 li\u00e9es \u00e0 l\u2019exploitation doivent \u00eatre r\u00e9duites et l\u2019utilisation d\u2019\u00e9nergie renouvelable augment\u00e9e. Lors du remplacement des syst\u00e8mes de chauffage fossiles, il faudra donc \u00e0 l\u2019avenir installer un syst\u00e8me utilisant des \u00e9nergies renouvelables. D\u00e8s 2050, les chauffages fossiles restants devront \u00eatre aliment\u00e9s par des combustibles renouvelables. Lors de r\u00e9novations importantes de toitures, une installation photovolta\u00efque destin\u00e9e \u00e0 la production propre d\u2019\u00e9lectricit\u00e9 devra d\u00e9sormais \u00eatre r\u00e9alis\u00e9e. Les exigences pr\u00e9c\u00e9dentes, qui s\u2019appliquent lors de travaux ayant un impact \u00e9nerg\u00e9tique \u2013 par exemple lors du renouvellement de l\u2019isolation thermique \u2013, restent inchang\u00e9es.<\/p>\n<p><span style=\"color: #ff9900;\"><a style=\"color: #ff9900;\" href=\"https:\/\/hubenergiebatiment.ch\/wp-content\/uploads\/sites\/2\/2025\/08\/Vergleich_MuKEn_14_25_F.pdf\" target=\"_blank\" rel=\"noopener\">Des informations compl\u00e9mentaires peuvent \u00eatre consult\u00e9es dans l\u2019aper\u00e7u des modifications.<\/a><\/span><\/p>\n<p>Auteur : Olivier Brenner, adjoint au Secr\u00e9taire g\u00e9n\u00e9ral, Conf\u00e9rence des directrices et directeurs cantonaux de l\u2019\u00e9nergie<\/p>\n","protected":false},"excerpt":{"rendered":"<p>La Conf\u00e9rence des directrices et directeurs cantonaux de l\u2019\u00e9nergie a adopt\u00e9 le 29 ao\u00fbt 2025 les prescriptions mod\u00e8les des cantons dans le domaine de l\u2019\u00e9nergie r\u00e9vis\u00e9es (MoPEC 2025). Les cantons disposent ainsi de recommandations actualis\u00e9es pour la mise en \u0153uvre des objectifs \u00e9nerg\u00e9tiques et climatiques dans le domaine des b\u00e2timents ainsi que pour la r\u00e9vision&#8230;<\/p>\n","protected":false},"author":5,"featured_media":14636,"comment_status":"closed","ping_status":"open","sticky":false,"template":"","format":"standard","meta":{"_acf_changed":false,"footnotes":""},"categories":[9],"tags":[],"class_list":["post-14638","post","type-post","status-publish","format-standard","has-post-thumbnail","hentry","category-non-classifiee"],"acf":[],"yoast_head":"<!-- This site is optimized with the Yoast SEO plugin v27.2 - https:\/\/yoast.com\/product\/yoast-seo-wordpress\/ -->\n<title>MoPEC \u2013 quo vadis? - SSREI<\/title>\n<meta name=\"robots\" content=\"index, follow, max-snippet:-1, max-image-preview:large, max-video-preview:-1\" \/>\n<link rel=\"canonical\" href=\"https:\/\/ssrei.ch\/fr\/mopec-quo-vadis\/\" \/>\n<meta property=\"og:locale\" content=\"fr_FR\" \/>\n<meta property=\"og:type\" content=\"article\" \/>\n<meta property=\"og:title\" content=\"MoPEC \u2013 quo vadis? - SSREI\" \/>\n<meta property=\"og:description\" content=\"La Conf\u00e9rence des directrices et directeurs cantonaux de l\u2019\u00e9nergie a adopt\u00e9 le 29 ao\u00fbt 2025 les prescriptions mod\u00e8les des cantons dans le domaine de l\u2019\u00e9nergie r\u00e9vis\u00e9es (MoPEC 2025). Les cantons disposent ainsi de recommandations actualis\u00e9es pour la mise en \u0153uvre des objectifs \u00e9nerg\u00e9tiques et climatiques dans le domaine des b\u00e2timents ainsi que pour la r\u00e9vision...\" \/>\n<meta property=\"og:url\" content=\"https:\/\/ssrei.ch\/fr\/mopec-quo-vadis\/\" \/>\n<meta property=\"og:site_name\" content=\"SSREI\" \/>\n<meta property=\"article:published_time\" content=\"2025-11-25T15:55:24+00:00\" \/>\n<meta property=\"article:modified_time\" content=\"2025-11-25T15:59:19+00:00\" \/>\n<meta property=\"og:image\" content=\"https:\/\/ssrei.ch\/wp-content\/uploads\/2025\/11\/shutterstock_2600149001.jpg\" \/>\n\t<meta property=\"og:image:width\" content=\"1000\" \/>\n\t<meta property=\"og:image:height\" content=\"667\" \/>\n\t<meta property=\"og:image:type\" content=\"image\/jpeg\" \/>\n<meta name=\"author\" content=\"Elodie Gadola\" \/>\n<meta name=\"twitter:card\" content=\"summary_large_image\" \/>\n<meta name=\"twitter:label1\" content=\"\u00c9crit par\" \/>\n\t<meta name=\"twitter:data1\" content=\"Elodie Gadola\" \/>\n\t<meta name=\"twitter:label2\" content=\"Dur\u00e9e de lecture estim\u00e9e\" \/>\n\t<meta name=\"twitter:data2\" content=\"3 minutes\" \/>\n<script type=\"application\/ld+json\" class=\"yoast-schema-graph\">{\"@context\":\"https:\/\/schema.org\",\"@graph\":[{\"@type\":\"Article\",\"@id\":\"https:\/\/ssrei.ch\/fr\/mopec-quo-vadis\/#article\",\"isPartOf\":{\"@id\":\"https:\/\/ssrei.ch\/fr\/mopec-quo-vadis\/\"},\"author\":{\"name\":\"Elodie Gadola\",\"@id\":\"https:\/\/ssrei.ch\/#\/schema\/person\/7b00af919b1c488cf92a41df137eb49f\"},\"headline\":\"MoPEC \u2013 quo vadis?\",\"datePublished\":\"2025-11-25T15:55:24+00:00\",\"dateModified\":\"2025-11-25T15:59:19+00:00\",\"mainEntityOfPage\":{\"@id\":\"https:\/\/ssrei.ch\/fr\/mopec-quo-vadis\/\"},\"wordCount\":520,\"image\":{\"@id\":\"https:\/\/ssrei.ch\/fr\/mopec-quo-vadis\/#primaryimage\"},\"thumbnailUrl\":\"https:\/\/ssrei.ch\/wp-content\/uploads\/2025\/11\/shutterstock_2600149001.jpg\",\"articleSection\":[\"Non classifi\u00e9(e)\"],\"inLanguage\":\"fr-FR\"},{\"@type\":\"WebPage\",\"@id\":\"https:\/\/ssrei.ch\/fr\/mopec-quo-vadis\/\",\"url\":\"https:\/\/ssrei.ch\/fr\/mopec-quo-vadis\/\",\"name\":\"MoPEC \u2013 quo vadis? - SSREI\",\"isPartOf\":{\"@id\":\"https:\/\/ssrei.ch\/#website\"},\"primaryImageOfPage\":{\"@id\":\"https:\/\/ssrei.ch\/fr\/mopec-quo-vadis\/#primaryimage\"},\"image\":{\"@id\":\"https:\/\/ssrei.ch\/fr\/mopec-quo-vadis\/#primaryimage\"},\"thumbnailUrl\":\"https:\/\/ssrei.ch\/wp-content\/uploads\/2025\/11\/shutterstock_2600149001.jpg\",\"datePublished\":\"2025-11-25T15:55:24+00:00\",\"dateModified\":\"2025-11-25T15:59:19+00:00\",\"author\":{\"@id\":\"https:\/\/ssrei.ch\/#\/schema\/person\/7b00af919b1c488cf92a41df137eb49f\"},\"breadcrumb\":{\"@id\":\"https:\/\/ssrei.ch\/fr\/mopec-quo-vadis\/#breadcrumb\"},\"inLanguage\":\"fr-FR\",\"potentialAction\":[{\"@type\":\"ReadAction\",\"target\":[\"https:\/\/ssrei.ch\/fr\/mopec-quo-vadis\/\"]}]},{\"@type\":\"ImageObject\",\"inLanguage\":\"fr-FR\",\"@id\":\"https:\/\/ssrei.ch\/fr\/mopec-quo-vadis\/#primaryimage\",\"url\":\"https:\/\/ssrei.ch\/wp-content\/uploads\/2025\/11\/shutterstock_2600149001.jpg\",\"contentUrl\":\"https:\/\/ssrei.ch\/wp-content\/uploads\/2025\/11\/shutterstock_2600149001.jpg\",\"width\":1000,\"height\":667},{\"@type\":\"BreadcrumbList\",\"@id\":\"https:\/\/ssrei.ch\/fr\/mopec-quo-vadis\/#breadcrumb\",\"itemListElement\":[{\"@type\":\"ListItem\",\"position\":1,\"name\":\"Home\",\"item\":\"https:\/\/ssrei.ch\/fr\/\"},{\"@type\":\"ListItem\",\"position\":2,\"name\":\"MoPEC \u2013 quo vadis?\"}]},{\"@type\":\"WebSite\",\"@id\":\"https:\/\/ssrei.ch\/#website\",\"url\":\"https:\/\/ssrei.ch\/\",\"name\":\"SSREI\",\"description\":\"Swiss Sustainable Real Estate Index\",\"potentialAction\":[{\"@type\":\"SearchAction\",\"target\":{\"@type\":\"EntryPoint\",\"urlTemplate\":\"https:\/\/ssrei.ch\/?s={search_term_string}\"},\"query-input\":{\"@type\":\"PropertyValueSpecification\",\"valueRequired\":true,\"valueName\":\"search_term_string\"}}],\"inLanguage\":\"fr-FR\"},{\"@type\":\"Person\",\"@id\":\"https:\/\/ssrei.ch\/#\/schema\/person\/7b00af919b1c488cf92a41df137eb49f\",\"name\":\"Elodie Gadola\",\"url\":\"https:\/\/ssrei.ch\/fr\/author\/elodie-gadola\/\"}]}<\/script>\n<!-- \/ Yoast SEO plugin. -->","yoast_head_json":{"title":"MoPEC \u2013 quo vadis? - SSREI","robots":{"index":"index","follow":"follow","max-snippet":"max-snippet:-1","max-image-preview":"max-image-preview:large","max-video-preview":"max-video-preview:-1"},"canonical":"https:\/\/ssrei.ch\/fr\/mopec-quo-vadis\/","og_locale":"fr_FR","og_type":"article","og_title":"MoPEC \u2013 quo vadis? - SSREI","og_description":"La Conf\u00e9rence des directrices et directeurs cantonaux de l\u2019\u00e9nergie a adopt\u00e9 le 29 ao\u00fbt 2025 les prescriptions mod\u00e8les des cantons dans le domaine de l\u2019\u00e9nergie r\u00e9vis\u00e9es (MoPEC 2025). Les cantons disposent ainsi de recommandations actualis\u00e9es pour la mise en \u0153uvre des objectifs \u00e9nerg\u00e9tiques et climatiques dans le domaine des b\u00e2timents ainsi que pour la r\u00e9vision...","og_url":"https:\/\/ssrei.ch\/fr\/mopec-quo-vadis\/","og_site_name":"SSREI","article_published_time":"2025-11-25T15:55:24+00:00","article_modified_time":"2025-11-25T15:59:19+00:00","og_image":[{"width":1000,"height":667,"url":"https:\/\/ssrei.ch\/wp-content\/uploads\/2025\/11\/shutterstock_2600149001.jpg","type":"image\/jpeg"}],"author":"Elodie Gadola","twitter_card":"summary_large_image","twitter_misc":{"\u00c9crit par":"Elodie Gadola","Dur\u00e9e de lecture estim\u00e9e":"3 minutes"},"schema":{"@context":"https:\/\/schema.org","@graph":[{"@type":"Article","@id":"https:\/\/ssrei.ch\/fr\/mopec-quo-vadis\/#article","isPartOf":{"@id":"https:\/\/ssrei.ch\/fr\/mopec-quo-vadis\/"},"author":{"name":"Elodie Gadola","@id":"https:\/\/ssrei.ch\/#\/schema\/person\/7b00af919b1c488cf92a41df137eb49f"},"headline":"MoPEC \u2013 quo vadis?","datePublished":"2025-11-25T15:55:24+00:00","dateModified":"2025-11-25T15:59:19+00:00","mainEntityOfPage":{"@id":"https:\/\/ssrei.ch\/fr\/mopec-quo-vadis\/"},"wordCount":520,"image":{"@id":"https:\/\/ssrei.ch\/fr\/mopec-quo-vadis\/#primaryimage"},"thumbnailUrl":"https:\/\/ssrei.ch\/wp-content\/uploads\/2025\/11\/shutterstock_2600149001.jpg","articleSection":["Non classifi\u00e9(e)"],"inLanguage":"fr-FR"},{"@type":"WebPage","@id":"https:\/\/ssrei.ch\/fr\/mopec-quo-vadis\/","url":"https:\/\/ssrei.ch\/fr\/mopec-quo-vadis\/","name":"MoPEC \u2013 quo vadis? - SSREI","isPartOf":{"@id":"https:\/\/ssrei.ch\/#website"},"primaryImageOfPage":{"@id":"https:\/\/ssrei.ch\/fr\/mopec-quo-vadis\/#primaryimage"},"image":{"@id":"https:\/\/ssrei.ch\/fr\/mopec-quo-vadis\/#primaryimage"},"thumbnailUrl":"https:\/\/ssrei.ch\/wp-content\/uploads\/2025\/11\/shutterstock_2600149001.jpg","datePublished":"2025-11-25T15:55:24+00:00","dateModified":"2025-11-25T15:59:19+00:00","author":{"@id":"https:\/\/ssrei.ch\/#\/schema\/person\/7b00af919b1c488cf92a41df137eb49f"},"breadcrumb":{"@id":"https:\/\/ssrei.ch\/fr\/mopec-quo-vadis\/#breadcrumb"},"inLanguage":"fr-FR","potentialAction":[{"@type":"ReadAction","target":["https:\/\/ssrei.ch\/fr\/mopec-quo-vadis\/"]}]},{"@type":"ImageObject","inLanguage":"fr-FR","@id":"https:\/\/ssrei.ch\/fr\/mopec-quo-vadis\/#primaryimage","url":"https:\/\/ssrei.ch\/wp-content\/uploads\/2025\/11\/shutterstock_2600149001.jpg","contentUrl":"https:\/\/ssrei.ch\/wp-content\/uploads\/2025\/11\/shutterstock_2600149001.jpg","width":1000,"height":667},{"@type":"BreadcrumbList","@id":"https:\/\/ssrei.ch\/fr\/mopec-quo-vadis\/#breadcrumb","itemListElement":[{"@type":"ListItem","position":1,"name":"Home","item":"https:\/\/ssrei.ch\/fr\/"},{"@type":"ListItem","position":2,"name":"MoPEC \u2013 quo vadis?"}]},{"@type":"WebSite","@id":"https:\/\/ssrei.ch\/#website","url":"https:\/\/ssrei.ch\/","name":"SSREI","description":"Swiss Sustainable Real Estate Index","potentialAction":[{"@type":"SearchAction","target":{"@type":"EntryPoint","urlTemplate":"https:\/\/ssrei.ch\/?s={search_term_string}"},"query-input":{"@type":"PropertyValueSpecification","valueRequired":true,"valueName":"search_term_string"}}],"inLanguage":"fr-FR"},{"@type":"Person","@id":"https:\/\/ssrei.ch\/#\/schema\/person\/7b00af919b1c488cf92a41df137eb49f","name":"Elodie Gadola","url":"https:\/\/ssrei.ch\/fr\/author\/elodie-gadola\/"}]}},"_links":{"self":[{"href":"https:\/\/ssrei.ch\/fr\/wp-json\/wp\/v2\/posts\/14638","targetHints":{"allow":["GET"]}}],"collection":[{"href":"https:\/\/ssrei.ch\/fr\/wp-json\/wp\/v2\/posts"}],"about":[{"href":"https:\/\/ssrei.ch\/fr\/wp-json\/wp\/v2\/types\/post"}],"author":[{"embeddable":true,"href":"https:\/\/ssrei.ch\/fr\/wp-json\/wp\/v2\/users\/5"}],"replies":[{"embeddable":true,"href":"https:\/\/ssrei.ch\/fr\/wp-json\/wp\/v2\/comments?post=14638"}],"version-history":[{"count":2,"href":"https:\/\/ssrei.ch\/fr\/wp-json\/wp\/v2\/posts\/14638\/revisions"}],"predecessor-version":[{"id":14640,"href":"https:\/\/ssrei.ch\/fr\/wp-json\/wp\/v2\/posts\/14638\/revisions\/14640"}],"wp:featuredmedia":[{"embeddable":true,"href":"https:\/\/ssrei.ch\/fr\/wp-json\/wp\/v2\/media\/14636"}],"wp:attachment":[{"href":"https:\/\/ssrei.ch\/fr\/wp-json\/wp\/v2\/media?parent=14638"}],"wp:term":[{"taxonomy":"category","embeddable":true,"href":"https:\/\/ssrei.ch\/fr\/wp-json\/wp\/v2\/categories?post=14638"},{"taxonomy":"post_tag","embeddable":true,"href":"https:\/\/ssrei.ch\/fr\/wp-json\/wp\/v2\/tags?post=14638"}],"curies":[{"name":"wp","href":"https:\/\/api.w.org\/{rel}","templated":true}]}}