{"id":14631,"date":"2025-11-25T17:47:56","date_gmt":"2025-11-25T15:47:56","guid":{"rendered":"https:\/\/ssrei.ch\/importance-de-la-ventilation-pour-la-transition-energetique\/"},"modified":"2025-11-25T17:50:30","modified_gmt":"2025-11-25T15:50:30","slug":"importance-de-la-ventilation-pour-la-transition-energetique","status":"publish","type":"post","link":"https:\/\/ssrei.ch\/fr\/importance-de-la-ventilation-pour-la-transition-energetique\/","title":{"rendered":"Importance de la ventilation pour la transition \u00e9nerg\u00e9tique"},"content":{"rendered":"<h5>Avec le passage des agents \u00e9nerg\u00e9tiques fossiles aux pompes \u00e0 chaleur \u00e9lectriques, dont les besoins en \u00e9nergie augmentent lorsque les temp\u00e9ratures ext\u00e9rieures baissent, nous sommes confront\u00e9s \u00e0 des d\u00e9fis en mati\u00e8re d\u2019approvisionnement en \u00e9lectricit\u00e9. Les syst\u00e8mes de ventilation pourraient att\u00e9nuer ces d\u00e9fis gr\u00e2ce \u00e0 la r\u00e9cup\u00e9ration de chaleur.<\/h5>\n<p>Les donn\u00e9es climatiques de l\u2019ann\u00e9e 2025 montrent une \u00e9volution claire : nous nous dirigeons d\u00e9j\u00e0 aujourd\u2019hui vers des valeurs qui \u00e9taient initialement pr\u00e9vues seulement pour 2035. La tendance est nette \u2013 les temp\u00e9ratures vont continuer \u00e0 augmenter. Cette \u00e9volution a des r\u00e9percussions directes sur les exigences pos\u00e9es \u00e0 nos b\u00e2timents et \u00e0 leurs \u00e9quipements techniques.<\/p>\n<h5>Exigences modifi\u00e9es pour les b\u00e2timents<\/h5>\n<p>Avec l\u2019augmentation du nombre de jours de forte chaleur, de nuits tropicales et d\u2019hivers plus doux, non seulement les besoins en chaleur de chauffage diminuent, mais les besoins en refroidissement et en climatisation augmentent \u00e9galement. Il devient alors int\u00e9ressant de combiner le photovolta\u00efque et la ventilation avec refroidissement\/climatisation \u2013 une interaction qui n\u2019est pas seulement judicieuse sur le plan \u00e9nerg\u00e9tique, mais qui peut aussi contribuer \u00e0 la stabilit\u00e9 du r\u00e9seau.<\/p>\n<h5>Technique de ventilation \u00e0 l\u2019\u00e9tat actuel et regard vers l\u2019avenir<\/h5>\n<p>Dans les b\u00e2timents bien isol\u00e9s, les syst\u00e8mes de ventilation modernes sont d\u00e9j\u00e0 aujourd\u2019hui en mesure, notamment gr\u00e2ce \u00e0 une r\u00e9cup\u00e9ration de chaleur (RC) extr\u00eamement efficace, de r\u00e9duire consid\u00e9rablement les besoins en chaleur de chauffage. Ils recyclent ainsi la chaleur qui se perd normalement par l\u2019a\u00e9ration via les fen\u00eatres ou un syst\u00e8me d\u2019extraction d\u2019air simple. Ils apportent de ce fait une contribution essentielle \u00e0 l\u2019efficacit\u00e9 \u00e9nerg\u00e9tique et au confort. Un sc\u00e9nario futur les substitue m\u00eame, selon lequel l\u2019\u00e9nergie de chauffage serait enti\u00e8rement assur\u00e9e par des syst\u00e8mes de ventilation intelligents \u2013 une avanc\u00e9e claire en direction de la transition \u00e9nerg\u00e9tique.<\/p>\n<h5>Conclusion<\/h5>\n<p>La technique de ventilation \u00e9volue d\u2019un syst\u00e8me de soutien, qui offre non seulement un confort avec de l\u2019air frais et conditionn\u00e9 tout en retenant le bruit et les particules fines \u00e0 l\u2019ext\u00e9rieur, vers un pilier central de la technique du b\u00e2timent et de la transition \u00e9nerg\u00e9tique. Il appartient \u00e0 toutes les personnes impliqu\u00e9es dans le secteur de la construction de fa\u00e7onner activement cette \u00e9volution et d\u2019en exploiter pleinement les potentiels.<\/p>\n<p>Avec le projet \u00ab Technique du b\u00e2timent du futur \u00bb, suissetec travaille en outre \u00e0 une analyse compl\u00e8te des domaines chauffage, ventilation, refroidissement ainsi que production d\u2019eau chaude sanitaire. Les r\u00e9sultats devraient \u00eatre disponibles d\u2019ici fin 2026 sous forme d\u2019outils pratiques.<\/p>\n<h5>\u00c0 propos de suissetec<\/h5>\n<p>L\u2019Association suisse et liechtensteinoise de la technique du b\u00e2timent (suissetec) est l\u2019association professionnelle et fa\u00eeti\u00e8re de la technique du b\u00e2timent et de l\u2019enveloppe du b\u00e2timent. suissetec, avec 25 sections et environ 3600 entreprises membres, est l\u2019interlocutrice num\u00e9ro un dans toutes les r\u00e9gions linguistiques. L\u2019association fournit des prestations de haute qualit\u00e9 pour les fabricants\/fournisseurs, planificateurs et installateurs des secteurs sanitaire | eau | gaz, chauffage, ventilation ainsi que ferblanterie | enveloppe du b\u00e2timent. suissetec est \u00e9galement pionni\u00e8re dans les domaines des \u00e9nergies renouvelables et de la durabilit\u00e9 et repr\u00e9sente les int\u00e9r\u00eats de la branche aupr\u00e8s de la politique, des autorit\u00e9s et des organisations fa\u00eeti\u00e8res.<\/p>\n<p>Auteur : Gregor Mangold, Responsable du domaine technique Ventilation | Climat | Froid, suissetec<\/p>\n","protected":false},"excerpt":{"rendered":"<p>Avec le passage des agents \u00e9nerg\u00e9tiques fossiles aux pompes \u00e0 chaleur \u00e9lectriques, dont les besoins en \u00e9nergie augmentent lorsque les temp\u00e9ratures ext\u00e9rieures baissent, nous sommes confront\u00e9s \u00e0 des d\u00e9fis en mati\u00e8re d\u2019approvisionnement en \u00e9lectricit\u00e9. Les syst\u00e8mes de ventilation pourraient att\u00e9nuer ces d\u00e9fis gr\u00e2ce \u00e0 la r\u00e9cup\u00e9ration de chaleur. Les donn\u00e9es climatiques de l\u2019ann\u00e9e 2025 montrent&#8230;<\/p>\n","protected":false},"author":5,"featured_media":14629,"comment_status":"closed","ping_status":"open","sticky":false,"template":"","format":"standard","meta":{"_acf_changed":false,"footnotes":""},"categories":[9],"tags":[],"class_list":["post-14631","post","type-post","status-publish","format-standard","has-post-thumbnail","hentry","category-non-classifiee"],"acf":[],"yoast_head":"<!-- This site is optimized with the Yoast SEO plugin v27.2 - https:\/\/yoast.com\/product\/yoast-seo-wordpress\/ -->\n<title>Importance de la ventilation pour la transition \u00e9nerg\u00e9tique - SSREI<\/title>\n<meta name=\"robots\" content=\"index, follow, max-snippet:-1, max-image-preview:large, max-video-preview:-1\" \/>\n<link rel=\"canonical\" href=\"https:\/\/ssrei.ch\/fr\/importance-de-la-ventilation-pour-la-transition-energetique\/\" \/>\n<meta property=\"og:locale\" content=\"fr_FR\" \/>\n<meta property=\"og:type\" content=\"article\" \/>\n<meta property=\"og:title\" content=\"Importance de la ventilation pour la transition \u00e9nerg\u00e9tique - SSREI\" \/>\n<meta property=\"og:description\" content=\"Avec le passage des agents \u00e9nerg\u00e9tiques fossiles aux pompes \u00e0 chaleur \u00e9lectriques, dont les besoins en \u00e9nergie augmentent lorsque les temp\u00e9ratures ext\u00e9rieures baissent, nous sommes confront\u00e9s \u00e0 des d\u00e9fis en mati\u00e8re d\u2019approvisionnement en \u00e9lectricit\u00e9. Les syst\u00e8mes de ventilation pourraient att\u00e9nuer ces d\u00e9fis gr\u00e2ce \u00e0 la r\u00e9cup\u00e9ration de chaleur. Les donn\u00e9es climatiques de l\u2019ann\u00e9e 2025 montrent...\" \/>\n<meta property=\"og:url\" content=\"https:\/\/ssrei.ch\/fr\/importance-de-la-ventilation-pour-la-transition-energetique\/\" \/>\n<meta property=\"og:site_name\" content=\"SSREI\" \/>\n<meta property=\"article:published_time\" content=\"2025-11-25T15:47:56+00:00\" \/>\n<meta property=\"article:modified_time\" content=\"2025-11-25T15:50:30+00:00\" \/>\n<meta property=\"og:image\" content=\"https:\/\/ssrei.ch\/wp-content\/uploads\/2025\/11\/small-31_3_2021_Inbetriebsetzung-und-Inbetriebnahme-von-lueftungstechnischen-Anlagen.jpg\" \/>\n\t<meta property=\"og:image:width\" content=\"362\" \/>\n\t<meta property=\"og:image:height\" content=\"300\" \/>\n\t<meta property=\"og:image:type\" content=\"image\/jpeg\" \/>\n<meta name=\"author\" content=\"Elodie Gadola\" \/>\n<meta name=\"twitter:card\" content=\"summary_large_image\" \/>\n<meta name=\"twitter:label1\" content=\"\u00c9crit par\" \/>\n\t<meta name=\"twitter:data1\" content=\"Elodie Gadola\" \/>\n\t<meta name=\"twitter:label2\" content=\"Dur\u00e9e de lecture estim\u00e9e\" \/>\n\t<meta name=\"twitter:data2\" content=\"4 minutes\" \/>\n<script type=\"application\/ld+json\" class=\"yoast-schema-graph\">{\"@context\":\"https:\/\/schema.org\",\"@graph\":[{\"@type\":\"Article\",\"@id\":\"https:\/\/ssrei.ch\/fr\/importance-de-la-ventilation-pour-la-transition-energetique\/#article\",\"isPartOf\":{\"@id\":\"https:\/\/ssrei.ch\/fr\/importance-de-la-ventilation-pour-la-transition-energetique\/\"},\"author\":{\"name\":\"Elodie Gadola\",\"@id\":\"https:\/\/ssrei.ch\/#\/schema\/person\/7b00af919b1c488cf92a41df137eb49f\"},\"headline\":\"Importance de la ventilation pour la transition \u00e9nerg\u00e9tique\",\"datePublished\":\"2025-11-25T15:47:56+00:00\",\"dateModified\":\"2025-11-25T15:50:30+00:00\",\"mainEntityOfPage\":{\"@id\":\"https:\/\/ssrei.ch\/fr\/importance-de-la-ventilation-pour-la-transition-energetique\/\"},\"wordCount\":597,\"image\":{\"@id\":\"https:\/\/ssrei.ch\/fr\/importance-de-la-ventilation-pour-la-transition-energetique\/#primaryimage\"},\"thumbnailUrl\":\"https:\/\/ssrei.ch\/wp-content\/uploads\/2025\/11\/small-31_3_2021_Inbetriebsetzung-und-Inbetriebnahme-von-lueftungstechnischen-Anlagen.jpg\",\"articleSection\":[\"Non classifi\u00e9(e)\"],\"inLanguage\":\"fr-FR\"},{\"@type\":\"WebPage\",\"@id\":\"https:\/\/ssrei.ch\/fr\/importance-de-la-ventilation-pour-la-transition-energetique\/\",\"url\":\"https:\/\/ssrei.ch\/fr\/importance-de-la-ventilation-pour-la-transition-energetique\/\",\"name\":\"Importance de la ventilation pour la transition \u00e9nerg\u00e9tique - SSREI\",\"isPartOf\":{\"@id\":\"https:\/\/ssrei.ch\/#website\"},\"primaryImageOfPage\":{\"@id\":\"https:\/\/ssrei.ch\/fr\/importance-de-la-ventilation-pour-la-transition-energetique\/#primaryimage\"},\"image\":{\"@id\":\"https:\/\/ssrei.ch\/fr\/importance-de-la-ventilation-pour-la-transition-energetique\/#primaryimage\"},\"thumbnailUrl\":\"https:\/\/ssrei.ch\/wp-content\/uploads\/2025\/11\/small-31_3_2021_Inbetriebsetzung-und-Inbetriebnahme-von-lueftungstechnischen-Anlagen.jpg\",\"datePublished\":\"2025-11-25T15:47:56+00:00\",\"dateModified\":\"2025-11-25T15:50:30+00:00\",\"author\":{\"@id\":\"https:\/\/ssrei.ch\/#\/schema\/person\/7b00af919b1c488cf92a41df137eb49f\"},\"breadcrumb\":{\"@id\":\"https:\/\/ssrei.ch\/fr\/importance-de-la-ventilation-pour-la-transition-energetique\/#breadcrumb\"},\"inLanguage\":\"fr-FR\",\"potentialAction\":[{\"@type\":\"ReadAction\",\"target\":[\"https:\/\/ssrei.ch\/fr\/importance-de-la-ventilation-pour-la-transition-energetique\/\"]}]},{\"@type\":\"ImageObject\",\"inLanguage\":\"fr-FR\",\"@id\":\"https:\/\/ssrei.ch\/fr\/importance-de-la-ventilation-pour-la-transition-energetique\/#primaryimage\",\"url\":\"https:\/\/ssrei.ch\/wp-content\/uploads\/2025\/11\/small-31_3_2021_Inbetriebsetzung-und-Inbetriebnahme-von-lueftungstechnischen-Anlagen.jpg\",\"contentUrl\":\"https:\/\/ssrei.ch\/wp-content\/uploads\/2025\/11\/small-31_3_2021_Inbetriebsetzung-und-Inbetriebnahme-von-lueftungstechnischen-Anlagen.jpg\",\"width\":362,\"height\":300},{\"@type\":\"BreadcrumbList\",\"@id\":\"https:\/\/ssrei.ch\/fr\/importance-de-la-ventilation-pour-la-transition-energetique\/#breadcrumb\",\"itemListElement\":[{\"@type\":\"ListItem\",\"position\":1,\"name\":\"Home\",\"item\":\"https:\/\/ssrei.ch\/fr\/\"},{\"@type\":\"ListItem\",\"position\":2,\"name\":\"Importance de la ventilation pour la transition \u00e9nerg\u00e9tique\"}]},{\"@type\":\"WebSite\",\"@id\":\"https:\/\/ssrei.ch\/#website\",\"url\":\"https:\/\/ssrei.ch\/\",\"name\":\"SSREI\",\"description\":\"Swiss Sustainable Real Estate Index\",\"potentialAction\":[{\"@type\":\"SearchAction\",\"target\":{\"@type\":\"EntryPoint\",\"urlTemplate\":\"https:\/\/ssrei.ch\/?s={search_term_string}\"},\"query-input\":{\"@type\":\"PropertyValueSpecification\",\"valueRequired\":true,\"valueName\":\"search_term_string\"}}],\"inLanguage\":\"fr-FR\"},{\"@type\":\"Person\",\"@id\":\"https:\/\/ssrei.ch\/#\/schema\/person\/7b00af919b1c488cf92a41df137eb49f\",\"name\":\"Elodie Gadola\",\"url\":\"https:\/\/ssrei.ch\/fr\/author\/elodie-gadola\/\"}]}<\/script>\n<!-- \/ Yoast SEO plugin. -->","yoast_head_json":{"title":"Importance de la ventilation pour la transition \u00e9nerg\u00e9tique - SSREI","robots":{"index":"index","follow":"follow","max-snippet":"max-snippet:-1","max-image-preview":"max-image-preview:large","max-video-preview":"max-video-preview:-1"},"canonical":"https:\/\/ssrei.ch\/fr\/importance-de-la-ventilation-pour-la-transition-energetique\/","og_locale":"fr_FR","og_type":"article","og_title":"Importance de la ventilation pour la transition \u00e9nerg\u00e9tique - SSREI","og_description":"Avec le passage des agents \u00e9nerg\u00e9tiques fossiles aux pompes \u00e0 chaleur \u00e9lectriques, dont les besoins en \u00e9nergie augmentent lorsque les temp\u00e9ratures ext\u00e9rieures baissent, nous sommes confront\u00e9s \u00e0 des d\u00e9fis en mati\u00e8re d\u2019approvisionnement en \u00e9lectricit\u00e9. Les syst\u00e8mes de ventilation pourraient att\u00e9nuer ces d\u00e9fis gr\u00e2ce \u00e0 la r\u00e9cup\u00e9ration de chaleur. Les donn\u00e9es climatiques de l\u2019ann\u00e9e 2025 montrent...","og_url":"https:\/\/ssrei.ch\/fr\/importance-de-la-ventilation-pour-la-transition-energetique\/","og_site_name":"SSREI","article_published_time":"2025-11-25T15:47:56+00:00","article_modified_time":"2025-11-25T15:50:30+00:00","og_image":[{"width":362,"height":300,"url":"https:\/\/ssrei.ch\/wp-content\/uploads\/2025\/11\/small-31_3_2021_Inbetriebsetzung-und-Inbetriebnahme-von-lueftungstechnischen-Anlagen.jpg","type":"image\/jpeg"}],"author":"Elodie Gadola","twitter_card":"summary_large_image","twitter_misc":{"\u00c9crit par":"Elodie Gadola","Dur\u00e9e de lecture estim\u00e9e":"4 minutes"},"schema":{"@context":"https:\/\/schema.org","@graph":[{"@type":"Article","@id":"https:\/\/ssrei.ch\/fr\/importance-de-la-ventilation-pour-la-transition-energetique\/#article","isPartOf":{"@id":"https:\/\/ssrei.ch\/fr\/importance-de-la-ventilation-pour-la-transition-energetique\/"},"author":{"name":"Elodie Gadola","@id":"https:\/\/ssrei.ch\/#\/schema\/person\/7b00af919b1c488cf92a41df137eb49f"},"headline":"Importance de la ventilation pour la transition \u00e9nerg\u00e9tique","datePublished":"2025-11-25T15:47:56+00:00","dateModified":"2025-11-25T15:50:30+00:00","mainEntityOfPage":{"@id":"https:\/\/ssrei.ch\/fr\/importance-de-la-ventilation-pour-la-transition-energetique\/"},"wordCount":597,"image":{"@id":"https:\/\/ssrei.ch\/fr\/importance-de-la-ventilation-pour-la-transition-energetique\/#primaryimage"},"thumbnailUrl":"https:\/\/ssrei.ch\/wp-content\/uploads\/2025\/11\/small-31_3_2021_Inbetriebsetzung-und-Inbetriebnahme-von-lueftungstechnischen-Anlagen.jpg","articleSection":["Non classifi\u00e9(e)"],"inLanguage":"fr-FR"},{"@type":"WebPage","@id":"https:\/\/ssrei.ch\/fr\/importance-de-la-ventilation-pour-la-transition-energetique\/","url":"https:\/\/ssrei.ch\/fr\/importance-de-la-ventilation-pour-la-transition-energetique\/","name":"Importance de la ventilation pour la transition \u00e9nerg\u00e9tique - SSREI","isPartOf":{"@id":"https:\/\/ssrei.ch\/#website"},"primaryImageOfPage":{"@id":"https:\/\/ssrei.ch\/fr\/importance-de-la-ventilation-pour-la-transition-energetique\/#primaryimage"},"image":{"@id":"https:\/\/ssrei.ch\/fr\/importance-de-la-ventilation-pour-la-transition-energetique\/#primaryimage"},"thumbnailUrl":"https:\/\/ssrei.ch\/wp-content\/uploads\/2025\/11\/small-31_3_2021_Inbetriebsetzung-und-Inbetriebnahme-von-lueftungstechnischen-Anlagen.jpg","datePublished":"2025-11-25T15:47:56+00:00","dateModified":"2025-11-25T15:50:30+00:00","author":{"@id":"https:\/\/ssrei.ch\/#\/schema\/person\/7b00af919b1c488cf92a41df137eb49f"},"breadcrumb":{"@id":"https:\/\/ssrei.ch\/fr\/importance-de-la-ventilation-pour-la-transition-energetique\/#breadcrumb"},"inLanguage":"fr-FR","potentialAction":[{"@type":"ReadAction","target":["https:\/\/ssrei.ch\/fr\/importance-de-la-ventilation-pour-la-transition-energetique\/"]}]},{"@type":"ImageObject","inLanguage":"fr-FR","@id":"https:\/\/ssrei.ch\/fr\/importance-de-la-ventilation-pour-la-transition-energetique\/#primaryimage","url":"https:\/\/ssrei.ch\/wp-content\/uploads\/2025\/11\/small-31_3_2021_Inbetriebsetzung-und-Inbetriebnahme-von-lueftungstechnischen-Anlagen.jpg","contentUrl":"https:\/\/ssrei.ch\/wp-content\/uploads\/2025\/11\/small-31_3_2021_Inbetriebsetzung-und-Inbetriebnahme-von-lueftungstechnischen-Anlagen.jpg","width":362,"height":300},{"@type":"BreadcrumbList","@id":"https:\/\/ssrei.ch\/fr\/importance-de-la-ventilation-pour-la-transition-energetique\/#breadcrumb","itemListElement":[{"@type":"ListItem","position":1,"name":"Home","item":"https:\/\/ssrei.ch\/fr\/"},{"@type":"ListItem","position":2,"name":"Importance de la ventilation pour la transition \u00e9nerg\u00e9tique"}]},{"@type":"WebSite","@id":"https:\/\/ssrei.ch\/#website","url":"https:\/\/ssrei.ch\/","name":"SSREI","description":"Swiss Sustainable Real Estate Index","potentialAction":[{"@type":"SearchAction","target":{"@type":"EntryPoint","urlTemplate":"https:\/\/ssrei.ch\/?s={search_term_string}"},"query-input":{"@type":"PropertyValueSpecification","valueRequired":true,"valueName":"search_term_string"}}],"inLanguage":"fr-FR"},{"@type":"Person","@id":"https:\/\/ssrei.ch\/#\/schema\/person\/7b00af919b1c488cf92a41df137eb49f","name":"Elodie Gadola","url":"https:\/\/ssrei.ch\/fr\/author\/elodie-gadola\/"}]}},"_links":{"self":[{"href":"https:\/\/ssrei.ch\/fr\/wp-json\/wp\/v2\/posts\/14631","targetHints":{"allow":["GET"]}}],"collection":[{"href":"https:\/\/ssrei.ch\/fr\/wp-json\/wp\/v2\/posts"}],"about":[{"href":"https:\/\/ssrei.ch\/fr\/wp-json\/wp\/v2\/types\/post"}],"author":[{"embeddable":true,"href":"https:\/\/ssrei.ch\/fr\/wp-json\/wp\/v2\/users\/5"}],"replies":[{"embeddable":true,"href":"https:\/\/ssrei.ch\/fr\/wp-json\/wp\/v2\/comments?post=14631"}],"version-history":[{"count":2,"href":"https:\/\/ssrei.ch\/fr\/wp-json\/wp\/v2\/posts\/14631\/revisions"}],"predecessor-version":[{"id":14633,"href":"https:\/\/ssrei.ch\/fr\/wp-json\/wp\/v2\/posts\/14631\/revisions\/14633"}],"wp:featuredmedia":[{"embeddable":true,"href":"https:\/\/ssrei.ch\/fr\/wp-json\/wp\/v2\/media\/14629"}],"wp:attachment":[{"href":"https:\/\/ssrei.ch\/fr\/wp-json\/wp\/v2\/media?parent=14631"}],"wp:term":[{"taxonomy":"category","embeddable":true,"href":"https:\/\/ssrei.ch\/fr\/wp-json\/wp\/v2\/categories?post=14631"},{"taxonomy":"post_tag","embeddable":true,"href":"https:\/\/ssrei.ch\/fr\/wp-json\/wp\/v2\/tags?post=14631"}],"curies":[{"name":"wp","href":"https:\/\/api.w.org\/{rel}","templated":true}]}}