{"id":14438,"date":"2025-09-23T11:39:07","date_gmt":"2025-09-23T09:39:07","guid":{"rendered":"https:\/\/ssrei.ch\/?p=14438"},"modified":"2025-10-20T14:15:05","modified_gmt":"2025-10-20T12:15:05","slug":"ubs-ne-participera-plus-aux-evaluations-gresb-a-partir-de-2026","status":"publish","type":"post","link":"https:\/\/ssrei.ch\/fr\/ubs-ne-participera-plus-aux-evaluations-gresb-a-partir-de-2026\/","title":{"rendered":"UBS ne participera plus aux \u00e9valuations GRESB \u00e0 partir de 2026"},"content":{"rendered":"<h5>UBS a annonc\u00e9 publiquement qu\u2019\u00e0 partir de 2026, elle ne participera plus aux \u00e9valuations GRESB avec ses solutions d\u2019investissement domicili\u00e9es en Suisse. Qu\u2019est-ce que cela signifie pour le d\u00e9veloppement durable du parc immobilier suisse ? Nous mettons cette d\u00e9cision en perspective.<\/h5>\n<p>Le 29 ao\u00fbt de cette ann\u00e9e, UBS a annonc\u00e9 sur son site Internet qu\u2019\u00e0 partir de 2026, elle ne participera plus aux \u00e9valuations GRESB avec ses v\u00e9hicules immobiliers ax\u00e9s sur le march\u00e9 domestique. Parall\u00e8lement, elle a r\u00e9affirm\u00e9 son ambition \u00ab d\u2019orienter l\u2019ensemble de son portefeuille immobilier de mani\u00e8re \u00e0 r\u00e9pondre \u00e9galement aux besoins des g\u00e9n\u00e9rations futures \u00bb.\u00a0 Ces d\u00e9clarations se contredisent-elles ? Non, et ce pour les raisons suivantes.<\/p>\n<p>Dans le parc immobilier, on distingue deux grands types de standards : ceux qui examinent l\u2019orientation durable de l\u2019organisation (syst\u00e8me de management) et ceux qui se concentrent sur la performance des b\u00e2timents. GRESB appartient fondamentalement \u00e0 la premi\u00e8re cat\u00e9gorie, SSREI \u00e0 la seconde. Le standard GRESB d\u00e9finit ainsi les \u00e9l\u00e9ments qui appartiennent \u00e0 une gestion durable des organisations immobili\u00e8res. Il adopte une approche globale en tenant compte des besoins de l\u2019environnement naturel, du personnel, des fournisseurs, des locataires ainsi que des collectivit\u00e9s locales. Ce n\u2019est que r\u00e9cemment que GRESB a \u00e9galement commenc\u00e9 \u00e0 \u00e9valuer la performance des portefeuilles, \u00e0 savoir la consommation d\u2019\u00e9nergie et des \u00e9missions de CO2 (Scope 1 et 2) ainsi que, plus r\u00e9cemment, la consommation d\u2019eau et la production de d\u00e9chets. La qualit\u00e9 des b\u00e2timents n\u2019influence pas autrement l\u2019\u00e9valuation de GRESB. Les participants qui analysent la qualit\u00e9 durable de leur portefeuille selon des standards reconnus \u2013 tels que le SSREI \u2013 peuvent certes marquer des points, mais ces \u00e9valuations n\u2019entrent pas dans la notation GRESB. La logique de GRESB est que les entreprises qui s\u2019organisent selon ses exigences finissent par obtenir \u00e9galement une performance durable.<\/p>\n<p>Le retrait d\u2019UBS de GRESB signifie donc uniquement qu\u2019elle ne fera plus v\u00e9rifier son organisation et ses donn\u00e9es de consommation par un organisme externe. Elle justifie ce choix par le fait qu\u2019elle compte parmi les pionniers en mati\u00e8re de durabilit\u00e9 et que les processus et structures pertinents sont d\u00e9sormais pleinement int\u00e9gr\u00e9s dans l\u2019organisation courante et donc robustes. UBS mise sur la confiance des investisseurs finaux quant \u00e0 sa ma\u00eetrise des processus, confiance qui n\u2019est pas d\u00e9nu\u00e9e de fondement (voir encadr\u00e9).<\/p>\n<p>Mais bien s\u00fbr, au niveau de la performance, il existe encore un potentiel important qu\u2019UBS entend exploiter en s\u2019alignant consciemment sur la l\u00e9gislation nationale et les standards locaux, qui se sont consid\u00e9rablement d\u00e9velopp\u00e9s ces derni\u00e8res ann\u00e9es. Elle cite explicitement REIDA, qui ne couvre toutefois \u00ab\u00a0que\u00a0\u00bb l\u2019\u00e9nergie et le CO2. Comme nous le savons gr\u00e2ce \u00e0 la norme suisse officielle SIA 112\/1 \u00ab Construction durable \u2013 B\u00e2timents \u00bb ainsi qu\u2019aux directives d\u2019\u00e9valuation pertinentes (notamment NUWEL), la durabilit\u00e9 \u2013 ou plut\u00f4t la capacit\u00e9 de notre soci\u00e9t\u00e9 \u00e0 envisager l\u2019avenir \u2013 doit \u00eatre pens\u00e9e de mani\u00e8re plus large. Si UBS tient parole, alors les standards de performance devraient d\u00e9sormais gagner en importance, ceux qui contribuent v\u00e9ritablement \u00e0 un monde meilleur au sens large.<\/p>\n<p>&nbsp;<\/p>\n<p><a ref=\"magnificPopup\" href=\"https:\/\/ssrei.ch\/wp-content\/uploads\/2025\/09\/Elvira-Bieri-2022-sw-scaled.jpg\"><img loading=\"lazy\" decoding=\"async\" class=\"alignleft wp-image-14357 size-medium\" src=\"https:\/\/ssrei.ch\/wp-content\/uploads\/2025\/09\/Elvira-Bieri-2022-sw-252x300.jpg\" alt=\"\" width=\"252\" height=\"300\" srcset=\"https:\/\/ssrei.ch\/wp-content\/uploads\/2025\/09\/Elvira-Bieri-2022-sw-252x300.jpg 252w, https:\/\/ssrei.ch\/wp-content\/uploads\/2025\/09\/Elvira-Bieri-2022-sw-861x1024.jpg 861w, https:\/\/ssrei.ch\/wp-content\/uploads\/2025\/09\/Elvira-Bieri-2022-sw-84x100.jpg 84w, https:\/\/ssrei.ch\/wp-content\/uploads\/2025\/09\/Elvira-Bieri-2022-sw-168x200.jpg 168w, https:\/\/ssrei.ch\/wp-content\/uploads\/2025\/09\/Elvira-Bieri-2022-sw-336x400.jpg 336w, https:\/\/ssrei.ch\/wp-content\/uploads\/2025\/09\/Elvira-Bieri-2022-sw-126x150.jpg 126w, https:\/\/ssrei.ch\/wp-content\/uploads\/2025\/09\/Elvira-Bieri-2022-sw-63x75.jpg 63w, https:\/\/ssrei.ch\/wp-content\/uploads\/2025\/09\/Elvira-Bieri-2022-sw-504x600.jpg 504w\" sizes=\"auto, (max-width: 252px) 100vw, 252px\" \/><\/a>\u00c0 propos de la personne : Elvira Bieri est directrice g\u00e9n\u00e9rale de SSREI SA. De 1996 \u00e0 2000, elle a \u00e9t\u00e9 responsable des certifications des syst\u00e8mes de management environnemental selon ISO 14001 chez SGS. En 2005, elle est revenue chez SGS en tant que Managing Director \u2013 une fonction qu\u2019elle a occup\u00e9e jusqu\u2019\u00e0 fin 2021. Elle est \u00e9galement charg\u00e9e de cours \u00e0 l\u2019Universit\u00e9 de Lucerne et si\u00e8ge dans plusieurs conseils d\u2019administration.<\/p>\n<p>&nbsp;<\/p>\n<p>&nbsp;<\/p>\n<p>&nbsp;<\/p>\n<p>&nbsp;<\/p>\n","protected":false},"excerpt":{"rendered":"<p>UBS a annonc\u00e9 publiquement qu\u2019\u00e0 partir de 2026, elle ne participera plus aux \u00e9valuations GRESB avec ses solutions d\u2019investissement domicili\u00e9es en Suisse. Qu\u2019est-ce que cela signifie pour le d\u00e9veloppement durable du parc immobilier suisse ? Nous mettons cette d\u00e9cision en perspective. Le 29 ao\u00fbt de cette ann\u00e9e, UBS a annonc\u00e9 sur son site Internet qu\u2019\u00e0&#8230;<\/p>\n","protected":false},"author":5,"featured_media":14432,"comment_status":"closed","ping_status":"closed","sticky":false,"template":"","format":"standard","meta":{"_acf_changed":false,"footnotes":""},"categories":[9],"tags":[],"class_list":["post-14438","post","type-post","status-publish","format-standard","has-post-thumbnail","hentry","category-non-classifiee"],"acf":[],"yoast_head":"<!-- This site is optimized with the Yoast SEO plugin v27.2 - https:\/\/yoast.com\/product\/yoast-seo-wordpress\/ -->\n<title>UBS ne participera plus aux \u00e9valuations GRESB \u00e0 partir de 2026 - SSREI<\/title>\n<meta name=\"robots\" content=\"index, follow, max-snippet:-1, max-image-preview:large, max-video-preview:-1\" \/>\n<link rel=\"canonical\" href=\"https:\/\/ssrei.ch\/fr\/ubs-ne-participera-plus-aux-evaluations-gresb-a-partir-de-2026\/\" \/>\n<meta property=\"og:locale\" content=\"fr_FR\" \/>\n<meta property=\"og:type\" content=\"article\" \/>\n<meta property=\"og:title\" content=\"UBS ne participera plus aux \u00e9valuations GRESB \u00e0 partir de 2026 - SSREI\" \/>\n<meta property=\"og:description\" content=\"UBS a annonc\u00e9 publiquement qu\u2019\u00e0 partir de 2026, elle ne participera plus aux \u00e9valuations GRESB avec ses solutions d\u2019investissement domicili\u00e9es en Suisse. Qu\u2019est-ce que cela signifie pour le d\u00e9veloppement durable du parc immobilier suisse ? Nous mettons cette d\u00e9cision en perspective. Le 29 ao\u00fbt de cette ann\u00e9e, UBS a annonc\u00e9 sur son site Internet qu\u2019\u00e0...\" \/>\n<meta property=\"og:url\" content=\"https:\/\/ssrei.ch\/fr\/ubs-ne-participera-plus-aux-evaluations-gresb-a-partir-de-2026\/\" \/>\n<meta property=\"og:site_name\" content=\"SSREI\" \/>\n<meta property=\"article:published_time\" content=\"2025-09-23T09:39:07+00:00\" \/>\n<meta property=\"article:modified_time\" content=\"2025-10-20T12:15:05+00:00\" \/>\n<meta property=\"og:image\" content=\"https:\/\/ssrei.ch\/wp-content\/uploads\/2025\/09\/Wegweiser-ohne-Logo-1024x683.png\" \/>\n\t<meta property=\"og:image:width\" content=\"1024\" \/>\n\t<meta property=\"og:image:height\" content=\"683\" \/>\n\t<meta property=\"og:image:type\" content=\"image\/png\" \/>\n<meta name=\"author\" content=\"Elodie Gadola\" \/>\n<meta name=\"twitter:card\" content=\"summary_large_image\" \/>\n<meta name=\"twitter:label1\" content=\"\u00c9crit par\" \/>\n\t<meta name=\"twitter:data1\" content=\"Elodie Gadola\" \/>\n\t<meta name=\"twitter:label2\" content=\"Dur\u00e9e de lecture estim\u00e9e\" \/>\n\t<meta name=\"twitter:data2\" content=\"4 minutes\" \/>\n<script type=\"application\/ld+json\" class=\"yoast-schema-graph\">{\"@context\":\"https:\/\/schema.org\",\"@graph\":[{\"@type\":\"Article\",\"@id\":\"https:\/\/ssrei.ch\/fr\/ubs-ne-participera-plus-aux-evaluations-gresb-a-partir-de-2026\/#article\",\"isPartOf\":{\"@id\":\"https:\/\/ssrei.ch\/fr\/ubs-ne-participera-plus-aux-evaluations-gresb-a-partir-de-2026\/\"},\"author\":{\"name\":\"Elodie Gadola\",\"@id\":\"https:\/\/ssrei.ch\/#\/schema\/person\/7b00af919b1c488cf92a41df137eb49f\"},\"headline\":\"UBS ne participera plus aux \u00e9valuations GRESB \u00e0 partir de 2026\",\"datePublished\":\"2025-09-23T09:39:07+00:00\",\"dateModified\":\"2025-10-20T12:15:05+00:00\",\"mainEntityOfPage\":{\"@id\":\"https:\/\/ssrei.ch\/fr\/ubs-ne-participera-plus-aux-evaluations-gresb-a-partir-de-2026\/\"},\"wordCount\":629,\"image\":{\"@id\":\"https:\/\/ssrei.ch\/fr\/ubs-ne-participera-plus-aux-evaluations-gresb-a-partir-de-2026\/#primaryimage\"},\"thumbnailUrl\":\"https:\/\/ssrei.ch\/wp-content\/uploads\/2025\/09\/Wegweiser-ohne-Logo.png\",\"articleSection\":[\"Non classifi\u00e9(e)\"],\"inLanguage\":\"fr-FR\"},{\"@type\":\"WebPage\",\"@id\":\"https:\/\/ssrei.ch\/fr\/ubs-ne-participera-plus-aux-evaluations-gresb-a-partir-de-2026\/\",\"url\":\"https:\/\/ssrei.ch\/fr\/ubs-ne-participera-plus-aux-evaluations-gresb-a-partir-de-2026\/\",\"name\":\"UBS ne participera plus aux \u00e9valuations GRESB \u00e0 partir de 2026 - SSREI\",\"isPartOf\":{\"@id\":\"https:\/\/ssrei.ch\/#website\"},\"primaryImageOfPage\":{\"@id\":\"https:\/\/ssrei.ch\/fr\/ubs-ne-participera-plus-aux-evaluations-gresb-a-partir-de-2026\/#primaryimage\"},\"image\":{\"@id\":\"https:\/\/ssrei.ch\/fr\/ubs-ne-participera-plus-aux-evaluations-gresb-a-partir-de-2026\/#primaryimage\"},\"thumbnailUrl\":\"https:\/\/ssrei.ch\/wp-content\/uploads\/2025\/09\/Wegweiser-ohne-Logo.png\",\"datePublished\":\"2025-09-23T09:39:07+00:00\",\"dateModified\":\"2025-10-20T12:15:05+00:00\",\"author\":{\"@id\":\"https:\/\/ssrei.ch\/#\/schema\/person\/7b00af919b1c488cf92a41df137eb49f\"},\"breadcrumb\":{\"@id\":\"https:\/\/ssrei.ch\/fr\/ubs-ne-participera-plus-aux-evaluations-gresb-a-partir-de-2026\/#breadcrumb\"},\"inLanguage\":\"fr-FR\",\"potentialAction\":[{\"@type\":\"ReadAction\",\"target\":[\"https:\/\/ssrei.ch\/fr\/ubs-ne-participera-plus-aux-evaluations-gresb-a-partir-de-2026\/\"]}]},{\"@type\":\"ImageObject\",\"inLanguage\":\"fr-FR\",\"@id\":\"https:\/\/ssrei.ch\/fr\/ubs-ne-participera-plus-aux-evaluations-gresb-a-partir-de-2026\/#primaryimage\",\"url\":\"https:\/\/ssrei.ch\/wp-content\/uploads\/2025\/09\/Wegweiser-ohne-Logo.png\",\"contentUrl\":\"https:\/\/ssrei.ch\/wp-content\/uploads\/2025\/09\/Wegweiser-ohne-Logo.png\",\"width\":1536,\"height\":1024},{\"@type\":\"BreadcrumbList\",\"@id\":\"https:\/\/ssrei.ch\/fr\/ubs-ne-participera-plus-aux-evaluations-gresb-a-partir-de-2026\/#breadcrumb\",\"itemListElement\":[{\"@type\":\"ListItem\",\"position\":1,\"name\":\"Home\",\"item\":\"https:\/\/ssrei.ch\/fr\/\"},{\"@type\":\"ListItem\",\"position\":2,\"name\":\"UBS ne participera plus aux \u00e9valuations GRESB \u00e0 partir de 2026\"}]},{\"@type\":\"WebSite\",\"@id\":\"https:\/\/ssrei.ch\/#website\",\"url\":\"https:\/\/ssrei.ch\/\",\"name\":\"SSREI\",\"description\":\"Swiss Sustainable Real Estate Index\",\"potentialAction\":[{\"@type\":\"SearchAction\",\"target\":{\"@type\":\"EntryPoint\",\"urlTemplate\":\"https:\/\/ssrei.ch\/?s={search_term_string}\"},\"query-input\":{\"@type\":\"PropertyValueSpecification\",\"valueRequired\":true,\"valueName\":\"search_term_string\"}}],\"inLanguage\":\"fr-FR\"},{\"@type\":\"Person\",\"@id\":\"https:\/\/ssrei.ch\/#\/schema\/person\/7b00af919b1c488cf92a41df137eb49f\",\"name\":\"Elodie Gadola\",\"url\":\"https:\/\/ssrei.ch\/fr\/author\/elodie-gadola\/\"}]}<\/script>\n<!-- \/ Yoast SEO plugin. -->","yoast_head_json":{"title":"UBS ne participera plus aux \u00e9valuations GRESB \u00e0 partir de 2026 - SSREI","robots":{"index":"index","follow":"follow","max-snippet":"max-snippet:-1","max-image-preview":"max-image-preview:large","max-video-preview":"max-video-preview:-1"},"canonical":"https:\/\/ssrei.ch\/fr\/ubs-ne-participera-plus-aux-evaluations-gresb-a-partir-de-2026\/","og_locale":"fr_FR","og_type":"article","og_title":"UBS ne participera plus aux \u00e9valuations GRESB \u00e0 partir de 2026 - SSREI","og_description":"UBS a annonc\u00e9 publiquement qu\u2019\u00e0 partir de 2026, elle ne participera plus aux \u00e9valuations GRESB avec ses solutions d\u2019investissement domicili\u00e9es en Suisse. Qu\u2019est-ce que cela signifie pour le d\u00e9veloppement durable du parc immobilier suisse ? Nous mettons cette d\u00e9cision en perspective. Le 29 ao\u00fbt de cette ann\u00e9e, UBS a annonc\u00e9 sur son site Internet qu\u2019\u00e0...","og_url":"https:\/\/ssrei.ch\/fr\/ubs-ne-participera-plus-aux-evaluations-gresb-a-partir-de-2026\/","og_site_name":"SSREI","article_published_time":"2025-09-23T09:39:07+00:00","article_modified_time":"2025-10-20T12:15:05+00:00","og_image":[{"width":1024,"height":683,"url":"https:\/\/ssrei.ch\/wp-content\/uploads\/2025\/09\/Wegweiser-ohne-Logo-1024x683.png","type":"image\/png"}],"author":"Elodie Gadola","twitter_card":"summary_large_image","twitter_misc":{"\u00c9crit par":"Elodie Gadola","Dur\u00e9e de lecture estim\u00e9e":"4 minutes"},"schema":{"@context":"https:\/\/schema.org","@graph":[{"@type":"Article","@id":"https:\/\/ssrei.ch\/fr\/ubs-ne-participera-plus-aux-evaluations-gresb-a-partir-de-2026\/#article","isPartOf":{"@id":"https:\/\/ssrei.ch\/fr\/ubs-ne-participera-plus-aux-evaluations-gresb-a-partir-de-2026\/"},"author":{"name":"Elodie Gadola","@id":"https:\/\/ssrei.ch\/#\/schema\/person\/7b00af919b1c488cf92a41df137eb49f"},"headline":"UBS ne participera plus aux \u00e9valuations GRESB \u00e0 partir de 2026","datePublished":"2025-09-23T09:39:07+00:00","dateModified":"2025-10-20T12:15:05+00:00","mainEntityOfPage":{"@id":"https:\/\/ssrei.ch\/fr\/ubs-ne-participera-plus-aux-evaluations-gresb-a-partir-de-2026\/"},"wordCount":629,"image":{"@id":"https:\/\/ssrei.ch\/fr\/ubs-ne-participera-plus-aux-evaluations-gresb-a-partir-de-2026\/#primaryimage"},"thumbnailUrl":"https:\/\/ssrei.ch\/wp-content\/uploads\/2025\/09\/Wegweiser-ohne-Logo.png","articleSection":["Non classifi\u00e9(e)"],"inLanguage":"fr-FR"},{"@type":"WebPage","@id":"https:\/\/ssrei.ch\/fr\/ubs-ne-participera-plus-aux-evaluations-gresb-a-partir-de-2026\/","url":"https:\/\/ssrei.ch\/fr\/ubs-ne-participera-plus-aux-evaluations-gresb-a-partir-de-2026\/","name":"UBS ne participera plus aux \u00e9valuations GRESB \u00e0 partir de 2026 - SSREI","isPartOf":{"@id":"https:\/\/ssrei.ch\/#website"},"primaryImageOfPage":{"@id":"https:\/\/ssrei.ch\/fr\/ubs-ne-participera-plus-aux-evaluations-gresb-a-partir-de-2026\/#primaryimage"},"image":{"@id":"https:\/\/ssrei.ch\/fr\/ubs-ne-participera-plus-aux-evaluations-gresb-a-partir-de-2026\/#primaryimage"},"thumbnailUrl":"https:\/\/ssrei.ch\/wp-content\/uploads\/2025\/09\/Wegweiser-ohne-Logo.png","datePublished":"2025-09-23T09:39:07+00:00","dateModified":"2025-10-20T12:15:05+00:00","author":{"@id":"https:\/\/ssrei.ch\/#\/schema\/person\/7b00af919b1c488cf92a41df137eb49f"},"breadcrumb":{"@id":"https:\/\/ssrei.ch\/fr\/ubs-ne-participera-plus-aux-evaluations-gresb-a-partir-de-2026\/#breadcrumb"},"inLanguage":"fr-FR","potentialAction":[{"@type":"ReadAction","target":["https:\/\/ssrei.ch\/fr\/ubs-ne-participera-plus-aux-evaluations-gresb-a-partir-de-2026\/"]}]},{"@type":"ImageObject","inLanguage":"fr-FR","@id":"https:\/\/ssrei.ch\/fr\/ubs-ne-participera-plus-aux-evaluations-gresb-a-partir-de-2026\/#primaryimage","url":"https:\/\/ssrei.ch\/wp-content\/uploads\/2025\/09\/Wegweiser-ohne-Logo.png","contentUrl":"https:\/\/ssrei.ch\/wp-content\/uploads\/2025\/09\/Wegweiser-ohne-Logo.png","width":1536,"height":1024},{"@type":"BreadcrumbList","@id":"https:\/\/ssrei.ch\/fr\/ubs-ne-participera-plus-aux-evaluations-gresb-a-partir-de-2026\/#breadcrumb","itemListElement":[{"@type":"ListItem","position":1,"name":"Home","item":"https:\/\/ssrei.ch\/fr\/"},{"@type":"ListItem","position":2,"name":"UBS ne participera plus aux \u00e9valuations GRESB \u00e0 partir de 2026"}]},{"@type":"WebSite","@id":"https:\/\/ssrei.ch\/#website","url":"https:\/\/ssrei.ch\/","name":"SSREI","description":"Swiss Sustainable Real Estate Index","potentialAction":[{"@type":"SearchAction","target":{"@type":"EntryPoint","urlTemplate":"https:\/\/ssrei.ch\/?s={search_term_string}"},"query-input":{"@type":"PropertyValueSpecification","valueRequired":true,"valueName":"search_term_string"}}],"inLanguage":"fr-FR"},{"@type":"Person","@id":"https:\/\/ssrei.ch\/#\/schema\/person\/7b00af919b1c488cf92a41df137eb49f","name":"Elodie Gadola","url":"https:\/\/ssrei.ch\/fr\/author\/elodie-gadola\/"}]}},"_links":{"self":[{"href":"https:\/\/ssrei.ch\/fr\/wp-json\/wp\/v2\/posts\/14438","targetHints":{"allow":["GET"]}}],"collection":[{"href":"https:\/\/ssrei.ch\/fr\/wp-json\/wp\/v2\/posts"}],"about":[{"href":"https:\/\/ssrei.ch\/fr\/wp-json\/wp\/v2\/types\/post"}],"author":[{"embeddable":true,"href":"https:\/\/ssrei.ch\/fr\/wp-json\/wp\/v2\/users\/5"}],"replies":[{"embeddable":true,"href":"https:\/\/ssrei.ch\/fr\/wp-json\/wp\/v2\/comments?post=14438"}],"version-history":[{"count":5,"href":"https:\/\/ssrei.ch\/fr\/wp-json\/wp\/v2\/posts\/14438\/revisions"}],"predecessor-version":[{"id":14503,"href":"https:\/\/ssrei.ch\/fr\/wp-json\/wp\/v2\/posts\/14438\/revisions\/14503"}],"wp:featuredmedia":[{"embeddable":true,"href":"https:\/\/ssrei.ch\/fr\/wp-json\/wp\/v2\/media\/14432"}],"wp:attachment":[{"href":"https:\/\/ssrei.ch\/fr\/wp-json\/wp\/v2\/media?parent=14438"}],"wp:term":[{"taxonomy":"category","embeddable":true,"href":"https:\/\/ssrei.ch\/fr\/wp-json\/wp\/v2\/categories?post=14438"},{"taxonomy":"post_tag","embeddable":true,"href":"https:\/\/ssrei.ch\/fr\/wp-json\/wp\/v2\/tags?post=14438"}],"curies":[{"name":"wp","href":"https:\/\/api.w.org\/{rel}","templated":true}]}}