{"id":14424,"date":"2025-09-23T11:30:48","date_gmt":"2025-09-23T09:30:48","guid":{"rendered":"https:\/\/ssrei.ch\/evolution-demographique-et-vacance\/"},"modified":"2025-09-23T11:35:50","modified_gmt":"2025-09-23T09:35:50","slug":"evolution-demographique-et-vacance","status":"publish","type":"post","link":"https:\/\/ssrei.ch\/fr\/evolution-demographique-et-vacance\/","title":{"rendered":"\u00c9volution d\u00e9mographique et vacance"},"content":{"rendered":"<h5>La Suisse cro\u00eet et les logements vacants diminuent \u2013 mais est-ce vraiment aussi simple ? Les risques d\u00e9mographiques se heurtent \u00e0 un march\u00e9 immobilier qui ne conna\u00eet qu\u2019une seule direction.<\/h5>\n<p>La Suisse continue de cro\u00eetre : au deuxi\u00e8me trimestre 2025, la population a augment\u00e9 de 15\u2019704 personnes pour atteindre 9,08 millions. Parall\u00e8lement, les logements vacants ont diminu\u00e9 de 3\u2019519 unit\u00e9s selon l\u2019OFS. \u00c0 premi\u00e8re vue, l\u2019image est claire et peu surprenante : plus d\u2019habitants, moins de logements libres. Mais au niveau cantonal, l\u2019image se r\u00e9v\u00e8le plus nuanc\u00e9e.<\/p>\n<p>La Suisse est \u00e9galement un pays h\u00e9t\u00e9rog\u00e8ne en mati\u00e8re de population. Bien qu\u2019elle continue de cro\u00eetre, cela ne vaut pas pour toutes les r\u00e9gions. Avec Obwald, il existe d\u00e9j\u00e0 un premier canton dont la population a diminu\u00e9 par rapport au trimestre pr\u00e9c\u00e9dent. Si l\u2019on consid\u00e8re les groupes d\u2019\u00e2ge, huit cantons enregistrent d\u00e9j\u00e0 un recul de la population active (20\u201364 ans), le groupe d\u2019acheteurs le plus important pour l\u2019immobilier. Chez les 0\u201319 ans, le nombre baisse m\u00eame dans douze cantons. La totalit\u00e9 de la croissance est presque exclusivement port\u00e9e par la tranche d\u2019\u00e2ge des 65+, qui repr\u00e9sente plus de 80 % de l\u2019augmentation de la population. Ce groupe r\u00e9duit sa surface habitable, vend ses biens immobiliers ou les remet sur le march\u00e9 en raison d\u2019un d\u00e9c\u00e8s ou d\u2019une entr\u00e9e en \u00e9tablissement m\u00e9dico-social (voir graphique suivant : \u00e9volution de la population T1 2025 \u00e0 T2 2025).<\/p>\n<p><a ref=\"magnificPopup\" href=\"https:\/\/ssrei.ch\/wp-content\/uploads\/2025\/09\/Bevoelkerungsentwicklung-Grafik_franzoesisch.png\"><img loading=\"lazy\" decoding=\"async\" class=\"alignnone wp-image-14426 size-us_600_400\" src=\"https:\/\/ssrei.ch\/wp-content\/uploads\/2025\/09\/Bevoelkerungsentwicklung-Grafik_franzoesisch-600x330.png\" alt=\"\" width=\"600\" height=\"330\" srcset=\"https:\/\/ssrei.ch\/wp-content\/uploads\/2025\/09\/Bevoelkerungsentwicklung-Grafik_franzoesisch-600x330.png 600w, https:\/\/ssrei.ch\/wp-content\/uploads\/2025\/09\/Bevoelkerungsentwicklung-Grafik_franzoesisch-300x165.png 300w, https:\/\/ssrei.ch\/wp-content\/uploads\/2025\/09\/Bevoelkerungsentwicklung-Grafik_franzoesisch-150x83.png 150w, https:\/\/ssrei.ch\/wp-content\/uploads\/2025\/09\/Bevoelkerungsentwicklung-Grafik_franzoesisch-363x200.png 363w, https:\/\/ssrei.ch\/wp-content\/uploads\/2025\/09\/Bevoelkerungsentwicklung-Grafik_franzoesisch-200x110.png 200w, https:\/\/ssrei.ch\/wp-content\/uploads\/2025\/09\/Bevoelkerungsentwicklung-Grafik_franzoesisch-250x138.png 250w, https:\/\/ssrei.ch\/wp-content\/uploads\/2025\/09\/Bevoelkerungsentwicklung-Grafik_franzoesisch-75x41.png 75w, https:\/\/ssrei.ch\/wp-content\/uploads\/2025\/09\/Bevoelkerungsentwicklung-Grafik_franzoesisch-727x400.png 727w, https:\/\/ssrei.ch\/wp-content\/uploads\/2025\/09\/Bevoelkerungsentwicklung-Grafik_franzoesisch.png 841w\" sizes=\"auto, (max-width: 600px) 100vw, 600px\" \/><\/a><\/p>\n<p>Source : Demografik, BFS 2025.Q2<\/p>\n<p>Auteur : Hendrik Budliger, <span style=\"color: #ff9900;\"><a style=\"color: #ff9900;\" href=\"https:\/\/www.demografik.org\/\" target=\"_blank\" rel=\"noopener\">Demografik AG<\/a><\/span><\/p>\n","protected":false},"excerpt":{"rendered":"<p>La Suisse cro\u00eet et les logements vacants diminuent \u2013 mais est-ce vraiment aussi simple ? Les risques d\u00e9mographiques se heurtent \u00e0 un march\u00e9 immobilier qui ne conna\u00eet qu\u2019une seule direction. La Suisse continue de cro\u00eetre : au deuxi\u00e8me trimestre 2025, la population a augment\u00e9 de 15\u2019704 personnes pour atteindre 9,08 millions. Parall\u00e8lement, les logements vacants&#8230;<\/p>\n","protected":false},"author":5,"featured_media":14419,"comment_status":"closed","ping_status":"open","sticky":false,"template":"","format":"standard","meta":{"_acf_changed":false,"footnotes":""},"categories":[9],"tags":[],"class_list":["post-14424","post","type-post","status-publish","format-standard","has-post-thumbnail","hentry","category-non-classifiee"],"acf":[],"yoast_head":"<!-- This site is optimized with the Yoast SEO plugin v27.2 - https:\/\/yoast.com\/product\/yoast-seo-wordpress\/ -->\n<title>\u00c9volution d\u00e9mographique et vacance - SSREI<\/title>\n<meta name=\"robots\" content=\"index, follow, max-snippet:-1, max-image-preview:large, max-video-preview:-1\" \/>\n<link rel=\"canonical\" href=\"https:\/\/ssrei.ch\/fr\/evolution-demographique-et-vacance\/\" \/>\n<meta property=\"og:locale\" content=\"fr_FR\" \/>\n<meta property=\"og:type\" content=\"article\" \/>\n<meta property=\"og:title\" content=\"\u00c9volution d\u00e9mographique et vacance - SSREI\" \/>\n<meta property=\"og:description\" content=\"La Suisse cro\u00eet et les logements vacants diminuent \u2013 mais est-ce vraiment aussi simple ? Les risques d\u00e9mographiques se heurtent \u00e0 un march\u00e9 immobilier qui ne conna\u00eet qu\u2019une seule direction. La Suisse continue de cro\u00eetre : au deuxi\u00e8me trimestre 2025, la population a augment\u00e9 de 15\u2019704 personnes pour atteindre 9,08 millions. Parall\u00e8lement, les logements vacants...\" \/>\n<meta property=\"og:url\" content=\"https:\/\/ssrei.ch\/fr\/evolution-demographique-et-vacance\/\" \/>\n<meta property=\"og:site_name\" content=\"SSREI\" \/>\n<meta property=\"article:published_time\" content=\"2025-09-23T09:30:48+00:00\" \/>\n<meta property=\"article:modified_time\" content=\"2025-09-23T09:35:50+00:00\" \/>\n<meta property=\"og:image\" content=\"https:\/\/ssrei.ch\/wp-content\/uploads\/2025\/09\/shutterstock_2444214987.jpg\" \/>\n\t<meta property=\"og:image:width\" content=\"1000\" \/>\n\t<meta property=\"og:image:height\" content=\"750\" \/>\n\t<meta property=\"og:image:type\" content=\"image\/jpeg\" \/>\n<meta name=\"author\" content=\"Elodie Gadola\" \/>\n<meta name=\"twitter:card\" content=\"summary_large_image\" \/>\n<meta name=\"twitter:label1\" content=\"\u00c9crit par\" \/>\n\t<meta name=\"twitter:data1\" content=\"Elodie Gadola\" \/>\n\t<meta name=\"twitter:label2\" content=\"Dur\u00e9e de lecture estim\u00e9e\" \/>\n\t<meta name=\"twitter:data2\" content=\"2 minutes\" \/>\n<script type=\"application\/ld+json\" class=\"yoast-schema-graph\">{\"@context\":\"https:\/\/schema.org\",\"@graph\":[{\"@type\":\"Article\",\"@id\":\"https:\/\/ssrei.ch\/fr\/evolution-demographique-et-vacance\/#article\",\"isPartOf\":{\"@id\":\"https:\/\/ssrei.ch\/fr\/evolution-demographique-et-vacance\/\"},\"author\":{\"name\":\"Elodie Gadola\",\"@id\":\"https:\/\/ssrei.ch\/#\/schema\/person\/7b00af919b1c488cf92a41df137eb49f\"},\"headline\":\"\u00c9volution d\u00e9mographique et vacance\",\"datePublished\":\"2025-09-23T09:30:48+00:00\",\"dateModified\":\"2025-09-23T09:35:50+00:00\",\"mainEntityOfPage\":{\"@id\":\"https:\/\/ssrei.ch\/fr\/evolution-demographique-et-vacance\/\"},\"wordCount\":270,\"image\":{\"@id\":\"https:\/\/ssrei.ch\/fr\/evolution-demographique-et-vacance\/#primaryimage\"},\"thumbnailUrl\":\"https:\/\/ssrei.ch\/wp-content\/uploads\/2025\/09\/shutterstock_2444214987.jpg\",\"articleSection\":[\"Non classifi\u00e9(e)\"],\"inLanguage\":\"fr-FR\"},{\"@type\":\"WebPage\",\"@id\":\"https:\/\/ssrei.ch\/fr\/evolution-demographique-et-vacance\/\",\"url\":\"https:\/\/ssrei.ch\/fr\/evolution-demographique-et-vacance\/\",\"name\":\"\u00c9volution d\u00e9mographique et vacance - SSREI\",\"isPartOf\":{\"@id\":\"https:\/\/ssrei.ch\/#website\"},\"primaryImageOfPage\":{\"@id\":\"https:\/\/ssrei.ch\/fr\/evolution-demographique-et-vacance\/#primaryimage\"},\"image\":{\"@id\":\"https:\/\/ssrei.ch\/fr\/evolution-demographique-et-vacance\/#primaryimage\"},\"thumbnailUrl\":\"https:\/\/ssrei.ch\/wp-content\/uploads\/2025\/09\/shutterstock_2444214987.jpg\",\"datePublished\":\"2025-09-23T09:30:48+00:00\",\"dateModified\":\"2025-09-23T09:35:50+00:00\",\"author\":{\"@id\":\"https:\/\/ssrei.ch\/#\/schema\/person\/7b00af919b1c488cf92a41df137eb49f\"},\"breadcrumb\":{\"@id\":\"https:\/\/ssrei.ch\/fr\/evolution-demographique-et-vacance\/#breadcrumb\"},\"inLanguage\":\"fr-FR\",\"potentialAction\":[{\"@type\":\"ReadAction\",\"target\":[\"https:\/\/ssrei.ch\/fr\/evolution-demographique-et-vacance\/\"]}]},{\"@type\":\"ImageObject\",\"inLanguage\":\"fr-FR\",\"@id\":\"https:\/\/ssrei.ch\/fr\/evolution-demographique-et-vacance\/#primaryimage\",\"url\":\"https:\/\/ssrei.ch\/wp-content\/uploads\/2025\/09\/shutterstock_2444214987.jpg\",\"contentUrl\":\"https:\/\/ssrei.ch\/wp-content\/uploads\/2025\/09\/shutterstock_2444214987.jpg\",\"width\":1000,\"height\":750},{\"@type\":\"BreadcrumbList\",\"@id\":\"https:\/\/ssrei.ch\/fr\/evolution-demographique-et-vacance\/#breadcrumb\",\"itemListElement\":[{\"@type\":\"ListItem\",\"position\":1,\"name\":\"Home\",\"item\":\"https:\/\/ssrei.ch\/fr\/\"},{\"@type\":\"ListItem\",\"position\":2,\"name\":\"\u00c9volution d\u00e9mographique et vacance\"}]},{\"@type\":\"WebSite\",\"@id\":\"https:\/\/ssrei.ch\/#website\",\"url\":\"https:\/\/ssrei.ch\/\",\"name\":\"SSREI\",\"description\":\"Swiss Sustainable Real Estate Index\",\"potentialAction\":[{\"@type\":\"SearchAction\",\"target\":{\"@type\":\"EntryPoint\",\"urlTemplate\":\"https:\/\/ssrei.ch\/?s={search_term_string}\"},\"query-input\":{\"@type\":\"PropertyValueSpecification\",\"valueRequired\":true,\"valueName\":\"search_term_string\"}}],\"inLanguage\":\"fr-FR\"},{\"@type\":\"Person\",\"@id\":\"https:\/\/ssrei.ch\/#\/schema\/person\/7b00af919b1c488cf92a41df137eb49f\",\"name\":\"Elodie Gadola\",\"url\":\"https:\/\/ssrei.ch\/fr\/author\/elodie-gadola\/\"}]}<\/script>\n<!-- \/ Yoast SEO plugin. -->","yoast_head_json":{"title":"\u00c9volution d\u00e9mographique et vacance - SSREI","robots":{"index":"index","follow":"follow","max-snippet":"max-snippet:-1","max-image-preview":"max-image-preview:large","max-video-preview":"max-video-preview:-1"},"canonical":"https:\/\/ssrei.ch\/fr\/evolution-demographique-et-vacance\/","og_locale":"fr_FR","og_type":"article","og_title":"\u00c9volution d\u00e9mographique et vacance - SSREI","og_description":"La Suisse cro\u00eet et les logements vacants diminuent \u2013 mais est-ce vraiment aussi simple ? Les risques d\u00e9mographiques se heurtent \u00e0 un march\u00e9 immobilier qui ne conna\u00eet qu\u2019une seule direction. La Suisse continue de cro\u00eetre : au deuxi\u00e8me trimestre 2025, la population a augment\u00e9 de 15\u2019704 personnes pour atteindre 9,08 millions. Parall\u00e8lement, les logements vacants...","og_url":"https:\/\/ssrei.ch\/fr\/evolution-demographique-et-vacance\/","og_site_name":"SSREI","article_published_time":"2025-09-23T09:30:48+00:00","article_modified_time":"2025-09-23T09:35:50+00:00","og_image":[{"width":1000,"height":750,"url":"https:\/\/ssrei.ch\/wp-content\/uploads\/2025\/09\/shutterstock_2444214987.jpg","type":"image\/jpeg"}],"author":"Elodie Gadola","twitter_card":"summary_large_image","twitter_misc":{"\u00c9crit par":"Elodie Gadola","Dur\u00e9e de lecture estim\u00e9e":"2 minutes"},"schema":{"@context":"https:\/\/schema.org","@graph":[{"@type":"Article","@id":"https:\/\/ssrei.ch\/fr\/evolution-demographique-et-vacance\/#article","isPartOf":{"@id":"https:\/\/ssrei.ch\/fr\/evolution-demographique-et-vacance\/"},"author":{"name":"Elodie Gadola","@id":"https:\/\/ssrei.ch\/#\/schema\/person\/7b00af919b1c488cf92a41df137eb49f"},"headline":"\u00c9volution d\u00e9mographique et vacance","datePublished":"2025-09-23T09:30:48+00:00","dateModified":"2025-09-23T09:35:50+00:00","mainEntityOfPage":{"@id":"https:\/\/ssrei.ch\/fr\/evolution-demographique-et-vacance\/"},"wordCount":270,"image":{"@id":"https:\/\/ssrei.ch\/fr\/evolution-demographique-et-vacance\/#primaryimage"},"thumbnailUrl":"https:\/\/ssrei.ch\/wp-content\/uploads\/2025\/09\/shutterstock_2444214987.jpg","articleSection":["Non classifi\u00e9(e)"],"inLanguage":"fr-FR"},{"@type":"WebPage","@id":"https:\/\/ssrei.ch\/fr\/evolution-demographique-et-vacance\/","url":"https:\/\/ssrei.ch\/fr\/evolution-demographique-et-vacance\/","name":"\u00c9volution d\u00e9mographique et vacance - SSREI","isPartOf":{"@id":"https:\/\/ssrei.ch\/#website"},"primaryImageOfPage":{"@id":"https:\/\/ssrei.ch\/fr\/evolution-demographique-et-vacance\/#primaryimage"},"image":{"@id":"https:\/\/ssrei.ch\/fr\/evolution-demographique-et-vacance\/#primaryimage"},"thumbnailUrl":"https:\/\/ssrei.ch\/wp-content\/uploads\/2025\/09\/shutterstock_2444214987.jpg","datePublished":"2025-09-23T09:30:48+00:00","dateModified":"2025-09-23T09:35:50+00:00","author":{"@id":"https:\/\/ssrei.ch\/#\/schema\/person\/7b00af919b1c488cf92a41df137eb49f"},"breadcrumb":{"@id":"https:\/\/ssrei.ch\/fr\/evolution-demographique-et-vacance\/#breadcrumb"},"inLanguage":"fr-FR","potentialAction":[{"@type":"ReadAction","target":["https:\/\/ssrei.ch\/fr\/evolution-demographique-et-vacance\/"]}]},{"@type":"ImageObject","inLanguage":"fr-FR","@id":"https:\/\/ssrei.ch\/fr\/evolution-demographique-et-vacance\/#primaryimage","url":"https:\/\/ssrei.ch\/wp-content\/uploads\/2025\/09\/shutterstock_2444214987.jpg","contentUrl":"https:\/\/ssrei.ch\/wp-content\/uploads\/2025\/09\/shutterstock_2444214987.jpg","width":1000,"height":750},{"@type":"BreadcrumbList","@id":"https:\/\/ssrei.ch\/fr\/evolution-demographique-et-vacance\/#breadcrumb","itemListElement":[{"@type":"ListItem","position":1,"name":"Home","item":"https:\/\/ssrei.ch\/fr\/"},{"@type":"ListItem","position":2,"name":"\u00c9volution d\u00e9mographique et vacance"}]},{"@type":"WebSite","@id":"https:\/\/ssrei.ch\/#website","url":"https:\/\/ssrei.ch\/","name":"SSREI","description":"Swiss Sustainable Real Estate Index","potentialAction":[{"@type":"SearchAction","target":{"@type":"EntryPoint","urlTemplate":"https:\/\/ssrei.ch\/?s={search_term_string}"},"query-input":{"@type":"PropertyValueSpecification","valueRequired":true,"valueName":"search_term_string"}}],"inLanguage":"fr-FR"},{"@type":"Person","@id":"https:\/\/ssrei.ch\/#\/schema\/person\/7b00af919b1c488cf92a41df137eb49f","name":"Elodie Gadola","url":"https:\/\/ssrei.ch\/fr\/author\/elodie-gadola\/"}]}},"_links":{"self":[{"href":"https:\/\/ssrei.ch\/fr\/wp-json\/wp\/v2\/posts\/14424","targetHints":{"allow":["GET"]}}],"collection":[{"href":"https:\/\/ssrei.ch\/fr\/wp-json\/wp\/v2\/posts"}],"about":[{"href":"https:\/\/ssrei.ch\/fr\/wp-json\/wp\/v2\/types\/post"}],"author":[{"embeddable":true,"href":"https:\/\/ssrei.ch\/fr\/wp-json\/wp\/v2\/users\/5"}],"replies":[{"embeddable":true,"href":"https:\/\/ssrei.ch\/fr\/wp-json\/wp\/v2\/comments?post=14424"}],"version-history":[{"count":2,"href":"https:\/\/ssrei.ch\/fr\/wp-json\/wp\/v2\/posts\/14424\/revisions"}],"predecessor-version":[{"id":14428,"href":"https:\/\/ssrei.ch\/fr\/wp-json\/wp\/v2\/posts\/14424\/revisions\/14428"}],"wp:featuredmedia":[{"embeddable":true,"href":"https:\/\/ssrei.ch\/fr\/wp-json\/wp\/v2\/media\/14419"}],"wp:attachment":[{"href":"https:\/\/ssrei.ch\/fr\/wp-json\/wp\/v2\/media?parent=14424"}],"wp:term":[{"taxonomy":"category","embeddable":true,"href":"https:\/\/ssrei.ch\/fr\/wp-json\/wp\/v2\/categories?post=14424"},{"taxonomy":"post_tag","embeddable":true,"href":"https:\/\/ssrei.ch\/fr\/wp-json\/wp\/v2\/tags?post=14424"}],"curies":[{"name":"wp","href":"https:\/\/api.w.org\/{rel}","templated":true}]}}