{"id":14413,"date":"2025-09-23T11:03:24","date_gmt":"2025-09-23T09:03:24","guid":{"rendered":"https:\/\/ssrei.ch\/une-question-pour-stephan-hinners-president-de-la-commune-dobfelden\/"},"modified":"2025-09-23T15:49:35","modified_gmt":"2025-09-23T13:49:35","slug":"une-question-pour-stephan-hinners-president-de-la-commune-dobfelden","status":"publish","type":"post","link":"https:\/\/ssrei.ch\/fr\/une-question-pour-stephan-hinners-president-de-la-commune-dobfelden\/","title":{"rendered":"Une question pour Stephan Hinners, pr\u00e9sident de la commune d\u2019Obfelden"},"content":{"rendered":"<h5>Pour les communes, il s\u2019agit d\u2019un d\u00e9fi que de pouvoir mettre \u00e0 disposition \u00e0 l\u2019avenir un logement suffisant et ad\u00e9quat compte tenu de l\u2019\u00e9volution d\u00e9mographique de notre soci\u00e9t\u00e9. Comment la commune d\u2019Obfelden aborde-t-elle ce sujet ?<\/h5>\n<p>Notre soci\u00e9t\u00e9 vieillit et vit plus longtemps. Et avec l\u2019\u00e2ge, les exigences en mati\u00e8re de logement changent sensiblement. Deviennent notamment plus importantes :<\/p>\n<ul>\n<li>Accessibilit\u00e9 \u2013 acc\u00e8s sans obstacle, portes larges, douches de plain-pied<\/li>\n<li>S\u00e9curit\u00e9 \u2013 bonne illumination, sols antid\u00e9rapants, syst\u00e8mes d\u2019appel d\u2019urgence<\/li>\n<li>Proximit\u00e9 des services \u2013 m\u00e9decins, commerces, pharmacies, transports publics<\/li>\n<li>Facilit\u00e9 d\u2019entretien \u2013 appartements plus petits et faciles \u00e0 nettoyer<\/li>\n<li>Lien social \u2013 proximit\u00e9 de la famille, d\u2019amis ou d\u2019institutions communautaires<\/li>\n<li>Possibilit\u00e9s de prise en charge \u2013 par ex. par des prestataires de sant\u00e9<\/li>\n<\/ul>\n<p>Ces \u00e9volutions se font \u00e9galement sentir dans la commune d\u2019Obfelden et au sein de notre population. L\u2019avenir de l\u2019habitat exige donc des concepts innovants, capables de r\u00e9pondre aux \u00e9volutions d\u00e9mographiques, aux changements sociaux et aux progr\u00e8s technologiques. La commune d\u2019Obfelden rel\u00e8ve ce d\u00e9fi avec clairvoyance et d\u00e9veloppe actuellement un projet immobilier novateur (sur l\u2019ancien site de la poste) ax\u00e9 sur l\u2019habitat interg\u00e9n\u00e9rationnel et accompagn\u00e9.<\/p>\n<p>Dans le cadre d\u2019un processus d\u2019atelier \u2013 avec la participation d\u2019experts, d\u2019architectes et de repr\u00e9sentantes et repr\u00e9sentants de la population \u2013 nous avons d\u00e9fini ensemble les exigences relatives aux formes d\u2019habitat et aux solutions d\u2019exploitation. Les moteurs centraux de la soci\u00e9t\u00e9 \u00e9taient au c\u0153ur des r\u00e9flexions : le changement d\u00e9mographique, la \u00ab Silver Society \u00bb, la solitude des personnes \u00e2g\u00e9es ainsi que le besoin de prestations de soutien temporaires. Des crit\u00e8res dits de Smart Living ont \u00e9galement \u00e9t\u00e9 int\u00e9gr\u00e9s, tels que l\u2019efficacit\u00e9 \u00e9nerg\u00e9tique, le confort, la s\u00e9curit\u00e9, l\u2019accessibilit\u00e9, les syst\u00e8mes d\u2019assistance et les solutions de sant\u00e9.<\/p>\n<p>Le projet est encore en cours d\u2019\u00e9laboration et de perfectionnement. Mais il appara\u00eet d\u00e9j\u00e0 que la planification prospective et la coop\u00e9ration constituent des piliers essentiels pour des espaces de vie et d\u2019habitat durables. Une conception du logement durable et interg\u00e9n\u00e9rationnelle garantit la qualit\u00e9 de vie de demain \u2013 et commence par les pas courageux d\u2019aujourd\u2019hui.<\/p>\n<p>&nbsp;<\/p>\n<p><a ref=\"magnificPopup\" href=\"https:\/\/ssrei.ch\/wp-content\/uploads\/2025\/09\/Stephan-Hinners-1-scaled-e1758618086926.png\"><img loading=\"lazy\" decoding=\"async\" class=\"alignleft wp-image-14409 size-medium\" src=\"https:\/\/ssrei.ch\/wp-content\/uploads\/2025\/09\/Stephan-Hinners-1-scaled-e1758618086926-300x252.png\" alt=\"\" width=\"300\" height=\"252\" srcset=\"https:\/\/ssrei.ch\/wp-content\/uploads\/2025\/09\/Stephan-Hinners-1-scaled-e1758618086926-300x252.png 300w, https:\/\/ssrei.ch\/wp-content\/uploads\/2025\/09\/Stephan-Hinners-1-scaled-e1758618086926-1024x861.png 1024w, https:\/\/ssrei.ch\/wp-content\/uploads\/2025\/09\/Stephan-Hinners-1-scaled-e1758618086926-119x100.png 119w, https:\/\/ssrei.ch\/wp-content\/uploads\/2025\/09\/Stephan-Hinners-1-scaled-e1758618086926-238x200.png 238w, https:\/\/ssrei.ch\/wp-content\/uploads\/2025\/09\/Stephan-Hinners-1-scaled-e1758618086926-476x400.png 476w, https:\/\/ssrei.ch\/wp-content\/uploads\/2025\/09\/Stephan-Hinners-1-scaled-e1758618086926-200x168.png 200w, https:\/\/ssrei.ch\/wp-content\/uploads\/2025\/09\/Stephan-Hinners-1-scaled-e1758618086926-178x150.png 178w, https:\/\/ssrei.ch\/wp-content\/uploads\/2025\/09\/Stephan-Hinners-1-scaled-e1758618086926-75x63.png 75w, https:\/\/ssrei.ch\/wp-content\/uploads\/2025\/09\/Stephan-Hinners-1-scaled-e1758618086926-714x600.png 714w, https:\/\/ssrei.ch\/wp-content\/uploads\/2025\/09\/Stephan-Hinners-1-scaled-e1758618086926.png 2030w\" sizes=\"auto, (max-width: 300px) 100vw, 300px\" \/><\/a><\/p>\n<p>\u00c0 propos de la personne : Stephan Hinners est pr\u00e9sident de la commune, chef du d\u00e9partement immobilier et construction, et travaille comme chef de projet et de construction.<\/p>\n","protected":false},"excerpt":{"rendered":"<p>Pour les communes, il s\u2019agit d\u2019un d\u00e9fi que de pouvoir mettre \u00e0 disposition \u00e0 l\u2019avenir un logement suffisant et ad\u00e9quat compte tenu de l\u2019\u00e9volution d\u00e9mographique de notre soci\u00e9t\u00e9. Comment la commune d\u2019Obfelden aborde-t-elle ce sujet ? Notre soci\u00e9t\u00e9 vieillit et vit plus longtemps. Et avec l\u2019\u00e2ge, les exigences en mati\u00e8re de logement changent sensiblement. Deviennent&#8230;<\/p>\n","protected":false},"author":5,"featured_media":14408,"comment_status":"closed","ping_status":"open","sticky":false,"template":"","format":"standard","meta":{"_acf_changed":false,"footnotes":""},"categories":[9],"tags":[],"class_list":["post-14413","post","type-post","status-publish","format-standard","has-post-thumbnail","hentry","category-non-classifiee"],"acf":[],"yoast_head":"<!-- This site is optimized with the Yoast SEO plugin v27.2 - https:\/\/yoast.com\/product\/yoast-seo-wordpress\/ -->\n<title>Une question pour Stephan Hinners, pr\u00e9sident de la commune d\u2019Obfelden - SSREI<\/title>\n<meta name=\"robots\" content=\"index, follow, max-snippet:-1, max-image-preview:large, max-video-preview:-1\" \/>\n<link rel=\"canonical\" href=\"https:\/\/ssrei.ch\/fr\/une-question-pour-stephan-hinners-president-de-la-commune-dobfelden\/\" \/>\n<meta property=\"og:locale\" content=\"fr_FR\" \/>\n<meta property=\"og:type\" content=\"article\" \/>\n<meta property=\"og:title\" content=\"Une question pour Stephan Hinners, pr\u00e9sident de la commune d\u2019Obfelden - SSREI\" \/>\n<meta property=\"og:description\" content=\"Pour les communes, il s\u2019agit d\u2019un d\u00e9fi que de pouvoir mettre \u00e0 disposition \u00e0 l\u2019avenir un logement suffisant et ad\u00e9quat compte tenu de l\u2019\u00e9volution d\u00e9mographique de notre soci\u00e9t\u00e9. Comment la commune d\u2019Obfelden aborde-t-elle ce sujet ? Notre soci\u00e9t\u00e9 vieillit et vit plus longtemps. Et avec l\u2019\u00e2ge, les exigences en mati\u00e8re de logement changent sensiblement. Deviennent...\" \/>\n<meta property=\"og:url\" content=\"https:\/\/ssrei.ch\/fr\/une-question-pour-stephan-hinners-president-de-la-commune-dobfelden\/\" \/>\n<meta property=\"og:site_name\" content=\"SSREI\" \/>\n<meta property=\"article:published_time\" content=\"2025-09-23T09:03:24+00:00\" \/>\n<meta property=\"article:modified_time\" content=\"2025-09-23T13:49:35+00:00\" \/>\n<meta property=\"og:image\" content=\"https:\/\/ssrei.ch\/wp-content\/uploads\/2025\/09\/Bild_eine-Frage-an_SH2-1024x605.png\" \/>\n\t<meta property=\"og:image:width\" content=\"1024\" \/>\n\t<meta property=\"og:image:height\" content=\"605\" \/>\n\t<meta property=\"og:image:type\" content=\"image\/png\" \/>\n<meta name=\"author\" content=\"Elodie Gadola\" \/>\n<meta name=\"twitter:card\" content=\"summary_large_image\" \/>\n<meta name=\"twitter:label1\" content=\"\u00c9crit par\" \/>\n\t<meta name=\"twitter:data1\" content=\"Elodie Gadola\" \/>\n\t<meta name=\"twitter:label2\" content=\"Dur\u00e9e de lecture estim\u00e9e\" \/>\n\t<meta name=\"twitter:data2\" content=\"3 minutes\" \/>\n<script type=\"application\/ld+json\" class=\"yoast-schema-graph\">{\"@context\":\"https:\/\/schema.org\",\"@graph\":[{\"@type\":\"Article\",\"@id\":\"https:\/\/ssrei.ch\/fr\/une-question-pour-stephan-hinners-president-de-la-commune-dobfelden\/#article\",\"isPartOf\":{\"@id\":\"https:\/\/ssrei.ch\/fr\/une-question-pour-stephan-hinners-president-de-la-commune-dobfelden\/\"},\"author\":{\"name\":\"Elodie Gadola\",\"@id\":\"https:\/\/ssrei.ch\/#\/schema\/person\/7b00af919b1c488cf92a41df137eb49f\"},\"headline\":\"Une question pour Stephan Hinners, pr\u00e9sident de la commune d\u2019Obfelden\",\"datePublished\":\"2025-09-23T09:03:24+00:00\",\"dateModified\":\"2025-09-23T13:49:35+00:00\",\"mainEntityOfPage\":{\"@id\":\"https:\/\/ssrei.ch\/fr\/une-question-pour-stephan-hinners-president-de-la-commune-dobfelden\/\"},\"wordCount\":429,\"image\":{\"@id\":\"https:\/\/ssrei.ch\/fr\/une-question-pour-stephan-hinners-president-de-la-commune-dobfelden\/#primaryimage\"},\"thumbnailUrl\":\"https:\/\/ssrei.ch\/wp-content\/uploads\/2025\/09\/Bild_eine-Frage-an_SH2.png\",\"articleSection\":[\"Non classifi\u00e9(e)\"],\"inLanguage\":\"fr-FR\"},{\"@type\":\"WebPage\",\"@id\":\"https:\/\/ssrei.ch\/fr\/une-question-pour-stephan-hinners-president-de-la-commune-dobfelden\/\",\"url\":\"https:\/\/ssrei.ch\/fr\/une-question-pour-stephan-hinners-president-de-la-commune-dobfelden\/\",\"name\":\"Une question pour Stephan Hinners, pr\u00e9sident de la commune d\u2019Obfelden - SSREI\",\"isPartOf\":{\"@id\":\"https:\/\/ssrei.ch\/#website\"},\"primaryImageOfPage\":{\"@id\":\"https:\/\/ssrei.ch\/fr\/une-question-pour-stephan-hinners-president-de-la-commune-dobfelden\/#primaryimage\"},\"image\":{\"@id\":\"https:\/\/ssrei.ch\/fr\/une-question-pour-stephan-hinners-president-de-la-commune-dobfelden\/#primaryimage\"},\"thumbnailUrl\":\"https:\/\/ssrei.ch\/wp-content\/uploads\/2025\/09\/Bild_eine-Frage-an_SH2.png\",\"datePublished\":\"2025-09-23T09:03:24+00:00\",\"dateModified\":\"2025-09-23T13:49:35+00:00\",\"author\":{\"@id\":\"https:\/\/ssrei.ch\/#\/schema\/person\/7b00af919b1c488cf92a41df137eb49f\"},\"breadcrumb\":{\"@id\":\"https:\/\/ssrei.ch\/fr\/une-question-pour-stephan-hinners-president-de-la-commune-dobfelden\/#breadcrumb\"},\"inLanguage\":\"fr-FR\",\"potentialAction\":[{\"@type\":\"ReadAction\",\"target\":[\"https:\/\/ssrei.ch\/fr\/une-question-pour-stephan-hinners-president-de-la-commune-dobfelden\/\"]}]},{\"@type\":\"ImageObject\",\"inLanguage\":\"fr-FR\",\"@id\":\"https:\/\/ssrei.ch\/fr\/une-question-pour-stephan-hinners-president-de-la-commune-dobfelden\/#primaryimage\",\"url\":\"https:\/\/ssrei.ch\/wp-content\/uploads\/2025\/09\/Bild_eine-Frage-an_SH2.png\",\"contentUrl\":\"https:\/\/ssrei.ch\/wp-content\/uploads\/2025\/09\/Bild_eine-Frage-an_SH2.png\",\"width\":2458,\"height\":1452},{\"@type\":\"BreadcrumbList\",\"@id\":\"https:\/\/ssrei.ch\/fr\/une-question-pour-stephan-hinners-president-de-la-commune-dobfelden\/#breadcrumb\",\"itemListElement\":[{\"@type\":\"ListItem\",\"position\":1,\"name\":\"Home\",\"item\":\"https:\/\/ssrei.ch\/fr\/\"},{\"@type\":\"ListItem\",\"position\":2,\"name\":\"Une question pour Stephan Hinners, pr\u00e9sident de la commune d\u2019Obfelden\"}]},{\"@type\":\"WebSite\",\"@id\":\"https:\/\/ssrei.ch\/#website\",\"url\":\"https:\/\/ssrei.ch\/\",\"name\":\"SSREI\",\"description\":\"Swiss Sustainable Real Estate Index\",\"potentialAction\":[{\"@type\":\"SearchAction\",\"target\":{\"@type\":\"EntryPoint\",\"urlTemplate\":\"https:\/\/ssrei.ch\/?s={search_term_string}\"},\"query-input\":{\"@type\":\"PropertyValueSpecification\",\"valueRequired\":true,\"valueName\":\"search_term_string\"}}],\"inLanguage\":\"fr-FR\"},{\"@type\":\"Person\",\"@id\":\"https:\/\/ssrei.ch\/#\/schema\/person\/7b00af919b1c488cf92a41df137eb49f\",\"name\":\"Elodie Gadola\",\"url\":\"https:\/\/ssrei.ch\/fr\/author\/elodie-gadola\/\"}]}<\/script>\n<!-- \/ Yoast SEO plugin. -->","yoast_head_json":{"title":"Une question pour Stephan Hinners, pr\u00e9sident de la commune d\u2019Obfelden - SSREI","robots":{"index":"index","follow":"follow","max-snippet":"max-snippet:-1","max-image-preview":"max-image-preview:large","max-video-preview":"max-video-preview:-1"},"canonical":"https:\/\/ssrei.ch\/fr\/une-question-pour-stephan-hinners-president-de-la-commune-dobfelden\/","og_locale":"fr_FR","og_type":"article","og_title":"Une question pour Stephan Hinners, pr\u00e9sident de la commune d\u2019Obfelden - SSREI","og_description":"Pour les communes, il s\u2019agit d\u2019un d\u00e9fi que de pouvoir mettre \u00e0 disposition \u00e0 l\u2019avenir un logement suffisant et ad\u00e9quat compte tenu de l\u2019\u00e9volution d\u00e9mographique de notre soci\u00e9t\u00e9. Comment la commune d\u2019Obfelden aborde-t-elle ce sujet ? Notre soci\u00e9t\u00e9 vieillit et vit plus longtemps. Et avec l\u2019\u00e2ge, les exigences en mati\u00e8re de logement changent sensiblement. Deviennent...","og_url":"https:\/\/ssrei.ch\/fr\/une-question-pour-stephan-hinners-president-de-la-commune-dobfelden\/","og_site_name":"SSREI","article_published_time":"2025-09-23T09:03:24+00:00","article_modified_time":"2025-09-23T13:49:35+00:00","og_image":[{"width":1024,"height":605,"url":"https:\/\/ssrei.ch\/wp-content\/uploads\/2025\/09\/Bild_eine-Frage-an_SH2-1024x605.png","type":"image\/png"}],"author":"Elodie Gadola","twitter_card":"summary_large_image","twitter_misc":{"\u00c9crit par":"Elodie Gadola","Dur\u00e9e de lecture estim\u00e9e":"3 minutes"},"schema":{"@context":"https:\/\/schema.org","@graph":[{"@type":"Article","@id":"https:\/\/ssrei.ch\/fr\/une-question-pour-stephan-hinners-president-de-la-commune-dobfelden\/#article","isPartOf":{"@id":"https:\/\/ssrei.ch\/fr\/une-question-pour-stephan-hinners-president-de-la-commune-dobfelden\/"},"author":{"name":"Elodie Gadola","@id":"https:\/\/ssrei.ch\/#\/schema\/person\/7b00af919b1c488cf92a41df137eb49f"},"headline":"Une question pour Stephan Hinners, pr\u00e9sident de la commune d\u2019Obfelden","datePublished":"2025-09-23T09:03:24+00:00","dateModified":"2025-09-23T13:49:35+00:00","mainEntityOfPage":{"@id":"https:\/\/ssrei.ch\/fr\/une-question-pour-stephan-hinners-president-de-la-commune-dobfelden\/"},"wordCount":429,"image":{"@id":"https:\/\/ssrei.ch\/fr\/une-question-pour-stephan-hinners-president-de-la-commune-dobfelden\/#primaryimage"},"thumbnailUrl":"https:\/\/ssrei.ch\/wp-content\/uploads\/2025\/09\/Bild_eine-Frage-an_SH2.png","articleSection":["Non classifi\u00e9(e)"],"inLanguage":"fr-FR"},{"@type":"WebPage","@id":"https:\/\/ssrei.ch\/fr\/une-question-pour-stephan-hinners-president-de-la-commune-dobfelden\/","url":"https:\/\/ssrei.ch\/fr\/une-question-pour-stephan-hinners-president-de-la-commune-dobfelden\/","name":"Une question pour Stephan Hinners, pr\u00e9sident de la commune d\u2019Obfelden - SSREI","isPartOf":{"@id":"https:\/\/ssrei.ch\/#website"},"primaryImageOfPage":{"@id":"https:\/\/ssrei.ch\/fr\/une-question-pour-stephan-hinners-president-de-la-commune-dobfelden\/#primaryimage"},"image":{"@id":"https:\/\/ssrei.ch\/fr\/une-question-pour-stephan-hinners-president-de-la-commune-dobfelden\/#primaryimage"},"thumbnailUrl":"https:\/\/ssrei.ch\/wp-content\/uploads\/2025\/09\/Bild_eine-Frage-an_SH2.png","datePublished":"2025-09-23T09:03:24+00:00","dateModified":"2025-09-23T13:49:35+00:00","author":{"@id":"https:\/\/ssrei.ch\/#\/schema\/person\/7b00af919b1c488cf92a41df137eb49f"},"breadcrumb":{"@id":"https:\/\/ssrei.ch\/fr\/une-question-pour-stephan-hinners-president-de-la-commune-dobfelden\/#breadcrumb"},"inLanguage":"fr-FR","potentialAction":[{"@type":"ReadAction","target":["https:\/\/ssrei.ch\/fr\/une-question-pour-stephan-hinners-president-de-la-commune-dobfelden\/"]}]},{"@type":"ImageObject","inLanguage":"fr-FR","@id":"https:\/\/ssrei.ch\/fr\/une-question-pour-stephan-hinners-president-de-la-commune-dobfelden\/#primaryimage","url":"https:\/\/ssrei.ch\/wp-content\/uploads\/2025\/09\/Bild_eine-Frage-an_SH2.png","contentUrl":"https:\/\/ssrei.ch\/wp-content\/uploads\/2025\/09\/Bild_eine-Frage-an_SH2.png","width":2458,"height":1452},{"@type":"BreadcrumbList","@id":"https:\/\/ssrei.ch\/fr\/une-question-pour-stephan-hinners-president-de-la-commune-dobfelden\/#breadcrumb","itemListElement":[{"@type":"ListItem","position":1,"name":"Home","item":"https:\/\/ssrei.ch\/fr\/"},{"@type":"ListItem","position":2,"name":"Une question pour Stephan Hinners, pr\u00e9sident de la commune d\u2019Obfelden"}]},{"@type":"WebSite","@id":"https:\/\/ssrei.ch\/#website","url":"https:\/\/ssrei.ch\/","name":"SSREI","description":"Swiss Sustainable Real Estate Index","potentialAction":[{"@type":"SearchAction","target":{"@type":"EntryPoint","urlTemplate":"https:\/\/ssrei.ch\/?s={search_term_string}"},"query-input":{"@type":"PropertyValueSpecification","valueRequired":true,"valueName":"search_term_string"}}],"inLanguage":"fr-FR"},{"@type":"Person","@id":"https:\/\/ssrei.ch\/#\/schema\/person\/7b00af919b1c488cf92a41df137eb49f","name":"Elodie Gadola","url":"https:\/\/ssrei.ch\/fr\/author\/elodie-gadola\/"}]}},"_links":{"self":[{"href":"https:\/\/ssrei.ch\/fr\/wp-json\/wp\/v2\/posts\/14413","targetHints":{"allow":["GET"]}}],"collection":[{"href":"https:\/\/ssrei.ch\/fr\/wp-json\/wp\/v2\/posts"}],"about":[{"href":"https:\/\/ssrei.ch\/fr\/wp-json\/wp\/v2\/types\/post"}],"author":[{"embeddable":true,"href":"https:\/\/ssrei.ch\/fr\/wp-json\/wp\/v2\/users\/5"}],"replies":[{"embeddable":true,"href":"https:\/\/ssrei.ch\/fr\/wp-json\/wp\/v2\/comments?post=14413"}],"version-history":[{"count":3,"href":"https:\/\/ssrei.ch\/fr\/wp-json\/wp\/v2\/posts\/14413\/revisions"}],"predecessor-version":[{"id":14466,"href":"https:\/\/ssrei.ch\/fr\/wp-json\/wp\/v2\/posts\/14413\/revisions\/14466"}],"wp:featuredmedia":[{"embeddable":true,"href":"https:\/\/ssrei.ch\/fr\/wp-json\/wp\/v2\/media\/14408"}],"wp:attachment":[{"href":"https:\/\/ssrei.ch\/fr\/wp-json\/wp\/v2\/media?parent=14413"}],"wp:term":[{"taxonomy":"category","embeddable":true,"href":"https:\/\/ssrei.ch\/fr\/wp-json\/wp\/v2\/categories?post=14413"},{"taxonomy":"post_tag","embeddable":true,"href":"https:\/\/ssrei.ch\/fr\/wp-json\/wp\/v2\/tags?post=14413"}],"curies":[{"name":"wp","href":"https:\/\/api.w.org\/{rel}","templated":true}]}}