{"id":14372,"date":"2025-09-23T08:49:05","date_gmt":"2025-09-23T06:49:05","guid":{"rendered":"https:\/\/ssrei.ch\/habiter-en-vieillissant-defis-et-perspectives\/"},"modified":"2025-09-23T10:48:29","modified_gmt":"2025-09-23T08:48:29","slug":"habiter-en-vieillissant-defis-et-perspectives","status":"publish","type":"post","link":"https:\/\/ssrei.ch\/fr\/habiter-en-vieillissant-defis-et-perspectives\/","title":{"rendered":"Habiter en vieillissant \u2013 D\u00e9fis et perspectives"},"content":{"rendered":"<h5>Le th\u00e8me du logement des personnes \u00e2g\u00e9es prend de plus en plus d\u2019importance, car le changement d\u00e9mographique oblige les propri\u00e9taires immobiliers \u00e0 r\u00e9agir avec des offres adapt\u00e9es. Pourtant, il manque encore aujourd\u2019hui des strat\u00e9gies globales.<\/h5>\n<p>Les villes, les communes, la politique et le secteur immobilier sont confront\u00e9s au d\u00e9fi de r\u00e9pondre au changement d\u00e9mographique. D\u2019ici 2030, une personne sur quatre sera \u00e0 la retraite.<\/p>\n<p>Les besoins en logement des personnes \u00e2g\u00e9es \u00e9voluent fondamentalement. L\u2019image de personnes \u00e2g\u00e9es fragiles et d\u00e9pendantes marque encore trop souvent la perception publique. Cette vision conduit les fournisseurs de logements \u00e0 se concentrer trop unilat\u00e9ralement sur les formes de logement avec encadrement. En r\u00e9alit\u00e9, avec les baby-boomers arrive \u00e0 la retraite une g\u00e9n\u00e9ration autonome, \u00e9prise de libert\u00e9 et active jusqu\u2019\u00e0 un \u00e2ge avanc\u00e9. Elle recherche \u00e0 la fois l\u2019individualit\u00e9, l\u2019autonomie et l\u2019int\u00e9gration sociale dans des formes d\u2019habitat interg\u00e9n\u00e9rationnel.<\/p>\n<h5>Conclusions pour le march\u00e9 du logement<\/h5>\n<p>Habiter en vieillissant signifie avant tout habiter chez soi. Ce qui est demand\u00e9, ce sont des logements locatifs accessibles, abordables et sans obstacles, qui allient tranquillit\u00e9, contacts sociaux, s\u00e9curit\u00e9 et viabilit\u00e9 financi\u00e8re \u00e0 long terme. Ce n\u2019est qu\u2019en second lieu \u2013 notamment pour les personnes tr\u00e8s \u00e2g\u00e9es de plus de 80 ans \u2013 qu\u2019appara\u00eet la n\u00e9cessit\u00e9 de soins et d\u2019accompagnement. La majorit\u00e9 des personnes \u00e2g\u00e9es n\u2019a cependant pas besoin d\u2019institutions, mais de services flexibles comme les soins \u00e0 domicile (Spitex), les services de repas ou les syst\u00e8mes d\u2019appel d\u2019urgence.<\/p>\n<h5>DOMUM comme r\u00e9ponse au changement<\/h5>\n<p>DOMUM r\u00e9agit \u00e0 ces \u00e9volutions en favorisant l\u2019identit\u00e9 de quartier et la solidarit\u00e9 mutuelle dans des ensembles r\u00e9sidentiels interg\u00e9n\u00e9rationnels, en proposant des logements sans obstacles pour une vie autonome jusque dans le grand \u00e2ge et en renfor\u00e7ant le sentiment communautaire gr\u00e2ce \u00e0 des animateurs de quartier (\u00ab settlement coaches \u00bb) ainsi que des espaces collectifs utilisables.<\/p>\n<p>DOMUM assume une responsabilit\u00e9 soci\u00e9tale globale : l\u2019\u00e9volution d\u00e9mographique exige de nouvelles formes de logement, le lien social accro\u00eet le bien-\u00eatre et la demande pour des ensembles r\u00e9sidentiels interg\u00e9n\u00e9rationnels augmente \u00e9galement chez les jeunes g\u00e9n\u00e9rations.<\/p>\n<h5>DOMUM propose concr\u00e8tement<\/h5>\n<ul>\n<li>des animateurs de quartier ayant une formation socioculturelle comme plateformes pour le social, le r\u00e9seautage et la participation<\/li>\n<li>des activit\u00e9s sociales vari\u00e9es et des espaces collectifs (par ex. fitness, ateliers, salles de rencontre, espaces de coworking)<\/li>\n<li>des offres de logement pour diff\u00e9rentes g\u00e9n\u00e9rations<\/li>\n<li>des \u00e9quipements modernes comme des salles de fitness<\/li>\n<li>un r\u00e9seautage avec des prestataires publics et priv\u00e9s (Spitex, services de repas, syst\u00e8mes d\u2019appel d\u2019urgence)<\/li>\n<\/ul>\n<p>De plus, DOMUM accompagne en tant que prestataire global l\u2019ensemble du processus : de la recherche de site et la planification au financement et \u00e0 la r\u00e9alisation, jusqu\u2019\u00e0 l\u2019exploitation des ensembles r\u00e9sidentiels.<\/p>\n<h5>Conclusion<\/h5>\n<p>L\u2019avenir du logement des personnes \u00e2g\u00e9es exige des solutions flexibles, abordables et interg\u00e9n\u00e9rationnelles qui allient autonomie et communaut\u00e9. Il faut de nouveaux concepts qui consid\u00e8rent le changement d\u00e9mographique comme une opportunit\u00e9 et qui ne voient pas les personnes \u00e2g\u00e9es seulement comme des individus d\u00e9pendants, mais comme des co-cr\u00e9ateurs actifs de la vie sociale.<\/p>\n<p>Auteur : Fabian Vatrella, Directeur, <span style=\"color: #ff9900;\"><a style=\"color: #ff9900;\" href=\"https:\/\/domum-wbg.ch\/\" target=\"_blank\" rel=\"noopener\">Coop\u00e9rative de construction et d\u2019habitation DOMUM<\/a><\/span><\/p>\n","protected":false},"excerpt":{"rendered":"<p>Le th\u00e8me du logement des personnes \u00e2g\u00e9es prend de plus en plus d\u2019importance, car le changement d\u00e9mographique oblige les propri\u00e9taires immobiliers \u00e0 r\u00e9agir avec des offres adapt\u00e9es. Pourtant, il manque encore aujourd\u2019hui des strat\u00e9gies globales. Les villes, les communes, la politique et le secteur immobilier sont confront\u00e9s au d\u00e9fi de r\u00e9pondre au changement d\u00e9mographique. D\u2019ici&#8230;<\/p>\n","protected":false},"author":5,"featured_media":14370,"comment_status":"closed","ping_status":"open","sticky":false,"template":"","format":"standard","meta":{"_acf_changed":false,"footnotes":""},"categories":[9],"tags":[],"class_list":["post-14372","post","type-post","status-publish","format-standard","has-post-thumbnail","hentry","category-non-classifiee"],"acf":[],"yoast_head":"<!-- This site is optimized with the Yoast SEO plugin v27.2 - https:\/\/yoast.com\/product\/yoast-seo-wordpress\/ -->\n<title>Habiter en vieillissant \u2013 D\u00e9fis et perspectives - SSREI<\/title>\n<meta name=\"robots\" content=\"index, follow, max-snippet:-1, max-image-preview:large, max-video-preview:-1\" \/>\n<link rel=\"canonical\" href=\"https:\/\/ssrei.ch\/fr\/habiter-en-vieillissant-defis-et-perspectives\/\" \/>\n<meta property=\"og:locale\" content=\"fr_FR\" \/>\n<meta property=\"og:type\" content=\"article\" \/>\n<meta property=\"og:title\" content=\"Habiter en vieillissant \u2013 D\u00e9fis et perspectives - SSREI\" \/>\n<meta property=\"og:description\" content=\"Le th\u00e8me du logement des personnes \u00e2g\u00e9es prend de plus en plus d\u2019importance, car le changement d\u00e9mographique oblige les propri\u00e9taires immobiliers \u00e0 r\u00e9agir avec des offres adapt\u00e9es. Pourtant, il manque encore aujourd\u2019hui des strat\u00e9gies globales. Les villes, les communes, la politique et le secteur immobilier sont confront\u00e9s au d\u00e9fi de r\u00e9pondre au changement d\u00e9mographique. D\u2019ici...\" \/>\n<meta property=\"og:url\" content=\"https:\/\/ssrei.ch\/fr\/habiter-en-vieillissant-defis-et-perspectives\/\" \/>\n<meta property=\"og:site_name\" content=\"SSREI\" \/>\n<meta property=\"article:published_time\" content=\"2025-09-23T06:49:05+00:00\" \/>\n<meta property=\"article:modified_time\" content=\"2025-09-23T08:48:29+00:00\" \/>\n<meta property=\"og:image\" content=\"https:\/\/ssrei.ch\/wp-content\/uploads\/2025\/09\/Bild1.jpg\" \/>\n\t<meta property=\"og:image:width\" content=\"1437\" \/>\n\t<meta property=\"og:image:height\" content=\"958\" \/>\n\t<meta property=\"og:image:type\" content=\"image\/jpeg\" \/>\n<meta name=\"author\" content=\"Elodie Gadola\" \/>\n<meta name=\"twitter:card\" content=\"summary_large_image\" \/>\n<meta name=\"twitter:label1\" content=\"\u00c9crit par\" \/>\n\t<meta name=\"twitter:data1\" content=\"Elodie Gadola\" \/>\n\t<meta name=\"twitter:label2\" content=\"Dur\u00e9e de lecture estim\u00e9e\" \/>\n\t<meta name=\"twitter:data2\" content=\"3 minutes\" \/>\n<script type=\"application\/ld+json\" class=\"yoast-schema-graph\">{\"@context\":\"https:\/\/schema.org\",\"@graph\":[{\"@type\":\"Article\",\"@id\":\"https:\/\/ssrei.ch\/fr\/habiter-en-vieillissant-defis-et-perspectives\/#article\",\"isPartOf\":{\"@id\":\"https:\/\/ssrei.ch\/fr\/habiter-en-vieillissant-defis-et-perspectives\/\"},\"author\":{\"name\":\"Elodie Gadola\",\"@id\":\"https:\/\/ssrei.ch\/#\/schema\/person\/7b00af919b1c488cf92a41df137eb49f\"},\"headline\":\"Habiter en vieillissant \u2013 D\u00e9fis et perspectives\",\"datePublished\":\"2025-09-23T06:49:05+00:00\",\"dateModified\":\"2025-09-23T08:48:29+00:00\",\"mainEntityOfPage\":{\"@id\":\"https:\/\/ssrei.ch\/fr\/habiter-en-vieillissant-defis-et-perspectives\/\"},\"wordCount\":577,\"image\":{\"@id\":\"https:\/\/ssrei.ch\/fr\/habiter-en-vieillissant-defis-et-perspectives\/#primaryimage\"},\"thumbnailUrl\":\"https:\/\/ssrei.ch\/wp-content\/uploads\/2025\/09\/Bild1.jpg\",\"articleSection\":[\"Non classifi\u00e9(e)\"],\"inLanguage\":\"fr-FR\"},{\"@type\":\"WebPage\",\"@id\":\"https:\/\/ssrei.ch\/fr\/habiter-en-vieillissant-defis-et-perspectives\/\",\"url\":\"https:\/\/ssrei.ch\/fr\/habiter-en-vieillissant-defis-et-perspectives\/\",\"name\":\"Habiter en vieillissant \u2013 D\u00e9fis et perspectives - SSREI\",\"isPartOf\":{\"@id\":\"https:\/\/ssrei.ch\/#website\"},\"primaryImageOfPage\":{\"@id\":\"https:\/\/ssrei.ch\/fr\/habiter-en-vieillissant-defis-et-perspectives\/#primaryimage\"},\"image\":{\"@id\":\"https:\/\/ssrei.ch\/fr\/habiter-en-vieillissant-defis-et-perspectives\/#primaryimage\"},\"thumbnailUrl\":\"https:\/\/ssrei.ch\/wp-content\/uploads\/2025\/09\/Bild1.jpg\",\"datePublished\":\"2025-09-23T06:49:05+00:00\",\"dateModified\":\"2025-09-23T08:48:29+00:00\",\"author\":{\"@id\":\"https:\/\/ssrei.ch\/#\/schema\/person\/7b00af919b1c488cf92a41df137eb49f\"},\"breadcrumb\":{\"@id\":\"https:\/\/ssrei.ch\/fr\/habiter-en-vieillissant-defis-et-perspectives\/#breadcrumb\"},\"inLanguage\":\"fr-FR\",\"potentialAction\":[{\"@type\":\"ReadAction\",\"target\":[\"https:\/\/ssrei.ch\/fr\/habiter-en-vieillissant-defis-et-perspectives\/\"]}]},{\"@type\":\"ImageObject\",\"inLanguage\":\"fr-FR\",\"@id\":\"https:\/\/ssrei.ch\/fr\/habiter-en-vieillissant-defis-et-perspectives\/#primaryimage\",\"url\":\"https:\/\/ssrei.ch\/wp-content\/uploads\/2025\/09\/Bild1.jpg\",\"contentUrl\":\"https:\/\/ssrei.ch\/wp-content\/uploads\/2025\/09\/Bild1.jpg\",\"width\":1437,\"height\":958},{\"@type\":\"BreadcrumbList\",\"@id\":\"https:\/\/ssrei.ch\/fr\/habiter-en-vieillissant-defis-et-perspectives\/#breadcrumb\",\"itemListElement\":[{\"@type\":\"ListItem\",\"position\":1,\"name\":\"Home\",\"item\":\"https:\/\/ssrei.ch\/fr\/\"},{\"@type\":\"ListItem\",\"position\":2,\"name\":\"Habiter en vieillissant \u2013 D\u00e9fis et perspectives\"}]},{\"@type\":\"WebSite\",\"@id\":\"https:\/\/ssrei.ch\/#website\",\"url\":\"https:\/\/ssrei.ch\/\",\"name\":\"SSREI\",\"description\":\"Swiss Sustainable Real Estate Index\",\"potentialAction\":[{\"@type\":\"SearchAction\",\"target\":{\"@type\":\"EntryPoint\",\"urlTemplate\":\"https:\/\/ssrei.ch\/?s={search_term_string}\"},\"query-input\":{\"@type\":\"PropertyValueSpecification\",\"valueRequired\":true,\"valueName\":\"search_term_string\"}}],\"inLanguage\":\"fr-FR\"},{\"@type\":\"Person\",\"@id\":\"https:\/\/ssrei.ch\/#\/schema\/person\/7b00af919b1c488cf92a41df137eb49f\",\"name\":\"Elodie Gadola\",\"url\":\"https:\/\/ssrei.ch\/fr\/author\/elodie-gadola\/\"}]}<\/script>\n<!-- \/ Yoast SEO plugin. -->","yoast_head_json":{"title":"Habiter en vieillissant \u2013 D\u00e9fis et perspectives - SSREI","robots":{"index":"index","follow":"follow","max-snippet":"max-snippet:-1","max-image-preview":"max-image-preview:large","max-video-preview":"max-video-preview:-1"},"canonical":"https:\/\/ssrei.ch\/fr\/habiter-en-vieillissant-defis-et-perspectives\/","og_locale":"fr_FR","og_type":"article","og_title":"Habiter en vieillissant \u2013 D\u00e9fis et perspectives - SSREI","og_description":"Le th\u00e8me du logement des personnes \u00e2g\u00e9es prend de plus en plus d\u2019importance, car le changement d\u00e9mographique oblige les propri\u00e9taires immobiliers \u00e0 r\u00e9agir avec des offres adapt\u00e9es. Pourtant, il manque encore aujourd\u2019hui des strat\u00e9gies globales. Les villes, les communes, la politique et le secteur immobilier sont confront\u00e9s au d\u00e9fi de r\u00e9pondre au changement d\u00e9mographique. D\u2019ici...","og_url":"https:\/\/ssrei.ch\/fr\/habiter-en-vieillissant-defis-et-perspectives\/","og_site_name":"SSREI","article_published_time":"2025-09-23T06:49:05+00:00","article_modified_time":"2025-09-23T08:48:29+00:00","og_image":[{"width":1437,"height":958,"url":"https:\/\/ssrei.ch\/wp-content\/uploads\/2025\/09\/Bild1.jpg","type":"image\/jpeg"}],"author":"Elodie Gadola","twitter_card":"summary_large_image","twitter_misc":{"\u00c9crit par":"Elodie Gadola","Dur\u00e9e de lecture estim\u00e9e":"3 minutes"},"schema":{"@context":"https:\/\/schema.org","@graph":[{"@type":"Article","@id":"https:\/\/ssrei.ch\/fr\/habiter-en-vieillissant-defis-et-perspectives\/#article","isPartOf":{"@id":"https:\/\/ssrei.ch\/fr\/habiter-en-vieillissant-defis-et-perspectives\/"},"author":{"name":"Elodie Gadola","@id":"https:\/\/ssrei.ch\/#\/schema\/person\/7b00af919b1c488cf92a41df137eb49f"},"headline":"Habiter en vieillissant \u2013 D\u00e9fis et perspectives","datePublished":"2025-09-23T06:49:05+00:00","dateModified":"2025-09-23T08:48:29+00:00","mainEntityOfPage":{"@id":"https:\/\/ssrei.ch\/fr\/habiter-en-vieillissant-defis-et-perspectives\/"},"wordCount":577,"image":{"@id":"https:\/\/ssrei.ch\/fr\/habiter-en-vieillissant-defis-et-perspectives\/#primaryimage"},"thumbnailUrl":"https:\/\/ssrei.ch\/wp-content\/uploads\/2025\/09\/Bild1.jpg","articleSection":["Non classifi\u00e9(e)"],"inLanguage":"fr-FR"},{"@type":"WebPage","@id":"https:\/\/ssrei.ch\/fr\/habiter-en-vieillissant-defis-et-perspectives\/","url":"https:\/\/ssrei.ch\/fr\/habiter-en-vieillissant-defis-et-perspectives\/","name":"Habiter en vieillissant \u2013 D\u00e9fis et perspectives - SSREI","isPartOf":{"@id":"https:\/\/ssrei.ch\/#website"},"primaryImageOfPage":{"@id":"https:\/\/ssrei.ch\/fr\/habiter-en-vieillissant-defis-et-perspectives\/#primaryimage"},"image":{"@id":"https:\/\/ssrei.ch\/fr\/habiter-en-vieillissant-defis-et-perspectives\/#primaryimage"},"thumbnailUrl":"https:\/\/ssrei.ch\/wp-content\/uploads\/2025\/09\/Bild1.jpg","datePublished":"2025-09-23T06:49:05+00:00","dateModified":"2025-09-23T08:48:29+00:00","author":{"@id":"https:\/\/ssrei.ch\/#\/schema\/person\/7b00af919b1c488cf92a41df137eb49f"},"breadcrumb":{"@id":"https:\/\/ssrei.ch\/fr\/habiter-en-vieillissant-defis-et-perspectives\/#breadcrumb"},"inLanguage":"fr-FR","potentialAction":[{"@type":"ReadAction","target":["https:\/\/ssrei.ch\/fr\/habiter-en-vieillissant-defis-et-perspectives\/"]}]},{"@type":"ImageObject","inLanguage":"fr-FR","@id":"https:\/\/ssrei.ch\/fr\/habiter-en-vieillissant-defis-et-perspectives\/#primaryimage","url":"https:\/\/ssrei.ch\/wp-content\/uploads\/2025\/09\/Bild1.jpg","contentUrl":"https:\/\/ssrei.ch\/wp-content\/uploads\/2025\/09\/Bild1.jpg","width":1437,"height":958},{"@type":"BreadcrumbList","@id":"https:\/\/ssrei.ch\/fr\/habiter-en-vieillissant-defis-et-perspectives\/#breadcrumb","itemListElement":[{"@type":"ListItem","position":1,"name":"Home","item":"https:\/\/ssrei.ch\/fr\/"},{"@type":"ListItem","position":2,"name":"Habiter en vieillissant \u2013 D\u00e9fis et perspectives"}]},{"@type":"WebSite","@id":"https:\/\/ssrei.ch\/#website","url":"https:\/\/ssrei.ch\/","name":"SSREI","description":"Swiss Sustainable Real Estate Index","potentialAction":[{"@type":"SearchAction","target":{"@type":"EntryPoint","urlTemplate":"https:\/\/ssrei.ch\/?s={search_term_string}"},"query-input":{"@type":"PropertyValueSpecification","valueRequired":true,"valueName":"search_term_string"}}],"inLanguage":"fr-FR"},{"@type":"Person","@id":"https:\/\/ssrei.ch\/#\/schema\/person\/7b00af919b1c488cf92a41df137eb49f","name":"Elodie Gadola","url":"https:\/\/ssrei.ch\/fr\/author\/elodie-gadola\/"}]}},"_links":{"self":[{"href":"https:\/\/ssrei.ch\/fr\/wp-json\/wp\/v2\/posts\/14372","targetHints":{"allow":["GET"]}}],"collection":[{"href":"https:\/\/ssrei.ch\/fr\/wp-json\/wp\/v2\/posts"}],"about":[{"href":"https:\/\/ssrei.ch\/fr\/wp-json\/wp\/v2\/types\/post"}],"author":[{"embeddable":true,"href":"https:\/\/ssrei.ch\/fr\/wp-json\/wp\/v2\/users\/5"}],"replies":[{"embeddable":true,"href":"https:\/\/ssrei.ch\/fr\/wp-json\/wp\/v2\/comments?post=14372"}],"version-history":[{"count":3,"href":"https:\/\/ssrei.ch\/fr\/wp-json\/wp\/v2\/posts\/14372\/revisions"}],"predecessor-version":[{"id":14405,"href":"https:\/\/ssrei.ch\/fr\/wp-json\/wp\/v2\/posts\/14372\/revisions\/14405"}],"wp:featuredmedia":[{"embeddable":true,"href":"https:\/\/ssrei.ch\/fr\/wp-json\/wp\/v2\/media\/14370"}],"wp:attachment":[{"href":"https:\/\/ssrei.ch\/fr\/wp-json\/wp\/v2\/media?parent=14372"}],"wp:term":[{"taxonomy":"category","embeddable":true,"href":"https:\/\/ssrei.ch\/fr\/wp-json\/wp\/v2\/categories?post=14372"},{"taxonomy":"post_tag","embeddable":true,"href":"https:\/\/ssrei.ch\/fr\/wp-json\/wp\/v2\/tags?post=14372"}],"curies":[{"name":"wp","href":"https:\/\/api.w.org\/{rel}","templated":true}]}}