{"id":14198,"date":"2025-08-27T11:27:10","date_gmt":"2025-08-27T09:27:10","guid":{"rendered":"https:\/\/ssrei.ch\/?p=14198"},"modified":"2025-08-27T15:09:50","modified_gmt":"2025-08-27T13:09:50","slug":"limportance-de-lisolation","status":"publish","type":"post","link":"https:\/\/ssrei.ch\/fr\/limportance-de-lisolation\/","title":{"rendered":"L\u2019importance de l\u2019isolation"},"content":{"rendered":"<h5>Selon l\u2019association \u00ab Isolation Suisse \u00bb, une r\u00e9novation \u00e9nerg\u00e9tique des b\u00e2timents peut permettre d\u2019\u00e9conomiser jusqu\u2019\u00e0 60 % de l\u2019\u00e9nergie, respectivement des \u00e9missions de CO\u2082. Ce potentiel est confirm\u00e9 par la derni\u00e8re \u00e9tude de la Haute \u00e9cole de Lucerne HSLU.<\/h5>\n<p>La r\u00e9novation \u00e9nerg\u00e9tique compl\u00e8te comprend les \u00e9l\u00e9ments suivants :<\/p>\n<ul>\n<li>Isolation : L\u2019isolation des murs, plafonds et planchers r\u00e9duit les pertes de chaleur.<\/li>\n<li>Remplacement des fen\u00eatres : Les fen\u00eatres modernes, \u00e0 haute efficacit\u00e9 \u00e9nerg\u00e9tique, permettent de r\u00e9duire la consommation.<\/li>\n<li>Modernisation du chauffage : Remplacer une ancienne installation par un syst\u00e8me sans \u00e9nergie fossile et plus efficace.<\/li>\n<li>Syst\u00e8mes de ventilation : Installer des syst\u00e8mes de ventilation performants avec r\u00e9cup\u00e9ration de chaleur pour am\u00e9liorer la qualit\u00e9 de l\u2019air et l\u2019efficacit\u00e9 \u00e9nerg\u00e9tique.<\/li>\n<li>Production d\u2019\u00e9lectricit\u00e9 propre : La pose de panneaux photovolta\u00efques sur le toit, id\u00e9alement combin\u00e9e avec une r\u00e9novation de la toiture.<\/li>\n<\/ul>\n<p>La derni\u00e8re <span style=\"color: #ff9900;\"><a style=\"color: #ff9900;\" href=\"https:\/\/www.flumroc.ch\/fileadmin\/Dateiliste\/flumroc\/Bilder\/400_steinwolle\/Stromsparen-HSLU\/d_250716_Kurzbericht_Studie_Flumroc_final.pdf\" target=\"_blank\" rel=\"noopener\">\u00e9tude de la Haute \u00e9cole de Lucerne HSLU (en allemand)<\/a><\/span> montre qu\u2019avec le remplacement des \u00e9nergies fossiles par des pompes \u00e0 chaleur et l\u2019isolation simultan\u00e9e de l\u2019enveloppe du b\u00e2timent, 5,3 TWh peuvent \u00eatre \u00e9conomis\u00e9s, ce qui correspond \u00e0 10 % de la demande annuelle d\u2019\u00e9lectricit\u00e9.<\/p>\n<p>Retour \u00e0 la Minergie! Depuis sa fondation en 1998, Minergie d\u00e9fend le credo selon lequel un b\u00e2timent optimis\u00e9 sur le plan \u00e9nerg\u00e9tique implique premi\u00e8rement la r\u00e9duction de ses besoins (par l\u2019isolation) et deuxi\u00e8mement le remplacement de l\u2019\u00e9nergie fossile par de l\u2019\u00e9nergie renouvelable. Enfin, la ventilation m\u00e9canique assure l\u2019\u00e9change d\u2019air et une efficacit\u00e9 \u00e9nerg\u00e9tique suppl\u00e9mentaire gr\u00e2ce \u00e0 la r\u00e9cup\u00e9ration de chaleur. Vous trouverez de plus amples informations dans l\u2019article <span style=\"color: #ff9900;\"><span style=\"color: #000000;\"><span style=\"color: #ff9900;\"><a style=\"color: #ff9900;\" href=\"https:\/\/ssrei.ch\/fr\/limportance-de-la-ventilation-mecanique\/\" target=\"_blank\" rel=\"noopener\">L\u2019importance de la ventilation m\u00e9canique<\/a><\/span>.<\/span><\/span><\/p>\n<p>L\u2019\u00e9lectricit\u00e9 produite par l\u2019\u00e9nergie solaire a conduit \u00e0 la th\u00e8se selon laquelle la demande serait secondaire. Depuis que la discussion sur le probl\u00e8me de la saisonnalit\u00e9 est devenue incontournable \u2013 car significatif \u2013, ce sujet attire de nouveau davantage l\u2019attention. L\u2019\u00e9tude pr\u00e9sent\u00e9e en est une preuve.<\/p>\n<p>Seulement \u2013 le \u00ab mouvement perp\u00e9tuel \u00bb tant souhait\u00e9 ne sera pas cr\u00e9\u00e9 non plus par l\u2019isolation des b\u00e2timents, \u00e0 condition que la source d\u2019\u00e9nergie principale reste le soleil. Ainsi, le d\u00e9calage entre l\u2019exc\u00e9dent d\u2019\u00e9lectricit\u00e9 en \u00e9t\u00e9 et le d\u00e9ficit en hiver demeure, \u00e0 moins qu\u2019une solution de stockage puisse \u00eatre trouv\u00e9e pour assurer l\u2019\u00e9quilibre n\u00e9cessaire. \u00c0 cela s\u2019ajoute la probl\u00e9matique de la demande croissante d\u2019\u00e9lectricit\u00e9 des pompes \u00e0 chaleur \u00e0 mesure que les temp\u00e9ratures baissent, ce qui exige en p\u00e9riode de pointe (c\u2019est-\u00e0-dire lors de basses temp\u00e9ratures ext\u00e9rieures) une capacit\u00e9 de r\u00e9seau \u00e9norme. Avec l\u2019isolation des b\u00e2timents, ce probl\u00e8me est consid\u00e9rablement att\u00e9nu\u00e9. C\u2019est pourquoi elle reste une partie importante de la solution. Comme l\u2019\u00e9crivait la Basler Zeitung le 16.7.2025 : \u00ab Au lieu d\u2019investir des milliards dans de nouvelles centrales \u00e9lectriques, des milliards de kilowattheures pourraient \u00eatre \u00e9conomis\u00e9s gr\u00e2ce \u00e0 une meilleure isolation. Sans restrictions dans la vie quotidienne, sans nouvelles interventions dans le paysage \u2013 mais avec un grand effet sur la s\u00e9curit\u00e9 de l\u2019approvisionnement. \u00bb<\/p>\n<p>Exemple : Donn\u00e9es sur les pertes de chaleur et le potentiel d\u2019\u00e9conomie d\u2019\u00e9nergie d\u2019un immeuble locatif typique sur le Plateau suisse, Source : <span style=\"color: #ff9900;\"><a style=\"color: #ff9900;\" href=\"https:\/\/www.energieheld.ch\/daemmung\" target=\"_blank\" rel=\"noopener\">https:\/\/www.energieheld.ch\/daemmung<\/a><\/span><br \/>\n<a ref=\"magnificPopup\" href=\"https:\/\/ssrei.ch\/wp-content\/uploads\/2025\/08\/Bild_FR.jpg\"><img loading=\"lazy\" decoding=\"async\" class=\"alignleft wp-image-14181 size-us_600_400\" src=\"https:\/\/ssrei.ch\/wp-content\/uploads\/2025\/08\/Bild_FR-600x381.jpg\" alt=\"\" width=\"600\" height=\"381\" srcset=\"https:\/\/ssrei.ch\/wp-content\/uploads\/2025\/08\/Bild_FR-600x381.jpg 600w, https:\/\/ssrei.ch\/wp-content\/uploads\/2025\/08\/Bild_FR-300x191.jpg 300w, https:\/\/ssrei.ch\/wp-content\/uploads\/2025\/08\/Bild_FR-1024x651.jpg 1024w, https:\/\/ssrei.ch\/wp-content\/uploads\/2025\/08\/Bild_FR-150x95.jpg 150w, https:\/\/ssrei.ch\/wp-content\/uploads\/2025\/08\/Bild_FR-315x200.jpg 315w, https:\/\/ssrei.ch\/wp-content\/uploads\/2025\/08\/Bild_FR-200x127.jpg 200w, https:\/\/ssrei.ch\/wp-content\/uploads\/2025\/08\/Bild_FR-236x150.jpg 236w, https:\/\/ssrei.ch\/wp-content\/uploads\/2025\/08\/Bild_FR-75x48.jpg 75w, https:\/\/ssrei.ch\/wp-content\/uploads\/2025\/08\/Bild_FR-944x600.jpg 944w, https:\/\/ssrei.ch\/wp-content\/uploads\/2025\/08\/Bild_FR-630x400.jpg 630w, https:\/\/ssrei.ch\/wp-content\/uploads\/2025\/08\/Bild_FR.jpg 1467w\" sizes=\"auto, (max-width: 600px) 100vw, 600px\" \/><\/a><\/p>\n<p>&nbsp;<\/p>\n<p>&nbsp;<\/p>\n<p>&nbsp;<\/p>\n<p>&nbsp;<\/p>\n<p>&nbsp;<\/p>\n<p>&nbsp;<\/p>\n<p>&nbsp;<\/p>\n<p>&nbsp;<\/p>\n<p>&nbsp;<\/p>\n","protected":false},"excerpt":{"rendered":"<p>Selon l\u2019association \u00ab Isolation Suisse \u00bb, une r\u00e9novation \u00e9nerg\u00e9tique des b\u00e2timents peut permettre d\u2019\u00e9conomiser jusqu\u2019\u00e0 60 % de l\u2019\u00e9nergie, respectivement des \u00e9missions de CO\u2082. Ce potentiel est confirm\u00e9 par la derni\u00e8re \u00e9tude de la Haute \u00e9cole de Lucerne HSLU. La r\u00e9novation \u00e9nerg\u00e9tique compl\u00e8te comprend les \u00e9l\u00e9ments suivants : Isolation : L\u2019isolation des murs, plafonds et&#8230;<\/p>\n","protected":false},"author":5,"featured_media":14183,"comment_status":"closed","ping_status":"open","sticky":false,"template":"","format":"standard","meta":{"_acf_changed":false,"footnotes":""},"categories":[9],"tags":[],"class_list":["post-14198","post","type-post","status-publish","format-standard","has-post-thumbnail","hentry","category-non-classifiee"],"acf":[],"yoast_head":"<!-- This site is optimized with the Yoast SEO plugin v27.2 - https:\/\/yoast.com\/product\/yoast-seo-wordpress\/ -->\n<title>L\u2019importance de l\u2019isolation - SSREI<\/title>\n<meta name=\"robots\" content=\"index, follow, max-snippet:-1, max-image-preview:large, max-video-preview:-1\" \/>\n<link rel=\"canonical\" href=\"https:\/\/ssrei.ch\/fr\/limportance-de-lisolation\/\" \/>\n<meta property=\"og:locale\" content=\"fr_FR\" \/>\n<meta property=\"og:type\" content=\"article\" \/>\n<meta property=\"og:title\" content=\"L\u2019importance de l\u2019isolation - SSREI\" \/>\n<meta property=\"og:description\" content=\"Selon l\u2019association \u00ab Isolation Suisse \u00bb, une r\u00e9novation \u00e9nerg\u00e9tique des b\u00e2timents peut permettre d\u2019\u00e9conomiser jusqu\u2019\u00e0 60 % de l\u2019\u00e9nergie, respectivement des \u00e9missions de CO\u2082. Ce potentiel est confirm\u00e9 par la derni\u00e8re \u00e9tude de la Haute \u00e9cole de Lucerne HSLU. La r\u00e9novation \u00e9nerg\u00e9tique compl\u00e8te comprend les \u00e9l\u00e9ments suivants : Isolation : L\u2019isolation des murs, plafonds et...\" \/>\n<meta property=\"og:url\" content=\"https:\/\/ssrei.ch\/fr\/limportance-de-lisolation\/\" \/>\n<meta property=\"og:site_name\" content=\"SSREI\" \/>\n<meta property=\"article:published_time\" content=\"2025-08-27T09:27:10+00:00\" \/>\n<meta property=\"article:modified_time\" content=\"2025-08-27T13:09:50+00:00\" \/>\n<meta property=\"og:image\" content=\"https:\/\/ssrei.ch\/wp-content\/uploads\/2025\/08\/shutterstock_2578933767.jpg\" \/>\n\t<meta property=\"og:image:width\" content=\"1000\" \/>\n\t<meta property=\"og:image:height\" content=\"667\" \/>\n\t<meta property=\"og:image:type\" content=\"image\/jpeg\" \/>\n<meta name=\"author\" content=\"Elodie Gadola\" \/>\n<meta name=\"twitter:card\" content=\"summary_large_image\" \/>\n<meta name=\"twitter:label1\" content=\"\u00c9crit par\" \/>\n\t<meta name=\"twitter:data1\" content=\"Elodie Gadola\" \/>\n\t<meta name=\"twitter:label2\" content=\"Dur\u00e9e de lecture estim\u00e9e\" \/>\n\t<meta name=\"twitter:data2\" content=\"4 minutes\" \/>\n<script type=\"application\/ld+json\" class=\"yoast-schema-graph\">{\"@context\":\"https:\/\/schema.org\",\"@graph\":[{\"@type\":\"Article\",\"@id\":\"https:\/\/ssrei.ch\/fr\/limportance-de-lisolation\/#article\",\"isPartOf\":{\"@id\":\"https:\/\/ssrei.ch\/fr\/limportance-de-lisolation\/\"},\"author\":{\"name\":\"Elodie Gadola\",\"@id\":\"https:\/\/ssrei.ch\/#\/schema\/person\/7b00af919b1c488cf92a41df137eb49f\"},\"headline\":\"L\u2019importance de l\u2019isolation\",\"datePublished\":\"2025-08-27T09:27:10+00:00\",\"dateModified\":\"2025-08-27T13:09:50+00:00\",\"mainEntityOfPage\":{\"@id\":\"https:\/\/ssrei.ch\/fr\/limportance-de-lisolation\/\"},\"wordCount\":581,\"image\":{\"@id\":\"https:\/\/ssrei.ch\/fr\/limportance-de-lisolation\/#primaryimage\"},\"thumbnailUrl\":\"https:\/\/ssrei.ch\/wp-content\/uploads\/2025\/08\/shutterstock_2578933767.jpg\",\"articleSection\":[\"Non classifi\u00e9(e)\"],\"inLanguage\":\"fr-FR\"},{\"@type\":\"WebPage\",\"@id\":\"https:\/\/ssrei.ch\/fr\/limportance-de-lisolation\/\",\"url\":\"https:\/\/ssrei.ch\/fr\/limportance-de-lisolation\/\",\"name\":\"L\u2019importance de l\u2019isolation - SSREI\",\"isPartOf\":{\"@id\":\"https:\/\/ssrei.ch\/#website\"},\"primaryImageOfPage\":{\"@id\":\"https:\/\/ssrei.ch\/fr\/limportance-de-lisolation\/#primaryimage\"},\"image\":{\"@id\":\"https:\/\/ssrei.ch\/fr\/limportance-de-lisolation\/#primaryimage\"},\"thumbnailUrl\":\"https:\/\/ssrei.ch\/wp-content\/uploads\/2025\/08\/shutterstock_2578933767.jpg\",\"datePublished\":\"2025-08-27T09:27:10+00:00\",\"dateModified\":\"2025-08-27T13:09:50+00:00\",\"author\":{\"@id\":\"https:\/\/ssrei.ch\/#\/schema\/person\/7b00af919b1c488cf92a41df137eb49f\"},\"breadcrumb\":{\"@id\":\"https:\/\/ssrei.ch\/fr\/limportance-de-lisolation\/#breadcrumb\"},\"inLanguage\":\"fr-FR\",\"potentialAction\":[{\"@type\":\"ReadAction\",\"target\":[\"https:\/\/ssrei.ch\/fr\/limportance-de-lisolation\/\"]}]},{\"@type\":\"ImageObject\",\"inLanguage\":\"fr-FR\",\"@id\":\"https:\/\/ssrei.ch\/fr\/limportance-de-lisolation\/#primaryimage\",\"url\":\"https:\/\/ssrei.ch\/wp-content\/uploads\/2025\/08\/shutterstock_2578933767.jpg\",\"contentUrl\":\"https:\/\/ssrei.ch\/wp-content\/uploads\/2025\/08\/shutterstock_2578933767.jpg\",\"width\":1000,\"height\":667},{\"@type\":\"BreadcrumbList\",\"@id\":\"https:\/\/ssrei.ch\/fr\/limportance-de-lisolation\/#breadcrumb\",\"itemListElement\":[{\"@type\":\"ListItem\",\"position\":1,\"name\":\"Home\",\"item\":\"https:\/\/ssrei.ch\/fr\/\"},{\"@type\":\"ListItem\",\"position\":2,\"name\":\"L\u2019importance de l\u2019isolation\"}]},{\"@type\":\"WebSite\",\"@id\":\"https:\/\/ssrei.ch\/#website\",\"url\":\"https:\/\/ssrei.ch\/\",\"name\":\"SSREI\",\"description\":\"Swiss Sustainable Real Estate Index\",\"potentialAction\":[{\"@type\":\"SearchAction\",\"target\":{\"@type\":\"EntryPoint\",\"urlTemplate\":\"https:\/\/ssrei.ch\/?s={search_term_string}\"},\"query-input\":{\"@type\":\"PropertyValueSpecification\",\"valueRequired\":true,\"valueName\":\"search_term_string\"}}],\"inLanguage\":\"fr-FR\"},{\"@type\":\"Person\",\"@id\":\"https:\/\/ssrei.ch\/#\/schema\/person\/7b00af919b1c488cf92a41df137eb49f\",\"name\":\"Elodie Gadola\",\"url\":\"https:\/\/ssrei.ch\/fr\/author\/elodie-gadola\/\"}]}<\/script>\n<!-- \/ Yoast SEO plugin. -->","yoast_head_json":{"title":"L\u2019importance de l\u2019isolation - SSREI","robots":{"index":"index","follow":"follow","max-snippet":"max-snippet:-1","max-image-preview":"max-image-preview:large","max-video-preview":"max-video-preview:-1"},"canonical":"https:\/\/ssrei.ch\/fr\/limportance-de-lisolation\/","og_locale":"fr_FR","og_type":"article","og_title":"L\u2019importance de l\u2019isolation - SSREI","og_description":"Selon l\u2019association \u00ab Isolation Suisse \u00bb, une r\u00e9novation \u00e9nerg\u00e9tique des b\u00e2timents peut permettre d\u2019\u00e9conomiser jusqu\u2019\u00e0 60 % de l\u2019\u00e9nergie, respectivement des \u00e9missions de CO\u2082. Ce potentiel est confirm\u00e9 par la derni\u00e8re \u00e9tude de la Haute \u00e9cole de Lucerne HSLU. La r\u00e9novation \u00e9nerg\u00e9tique compl\u00e8te comprend les \u00e9l\u00e9ments suivants : Isolation : L\u2019isolation des murs, plafonds et...","og_url":"https:\/\/ssrei.ch\/fr\/limportance-de-lisolation\/","og_site_name":"SSREI","article_published_time":"2025-08-27T09:27:10+00:00","article_modified_time":"2025-08-27T13:09:50+00:00","og_image":[{"width":1000,"height":667,"url":"https:\/\/ssrei.ch\/wp-content\/uploads\/2025\/08\/shutterstock_2578933767.jpg","type":"image\/jpeg"}],"author":"Elodie Gadola","twitter_card":"summary_large_image","twitter_misc":{"\u00c9crit par":"Elodie Gadola","Dur\u00e9e de lecture estim\u00e9e":"4 minutes"},"schema":{"@context":"https:\/\/schema.org","@graph":[{"@type":"Article","@id":"https:\/\/ssrei.ch\/fr\/limportance-de-lisolation\/#article","isPartOf":{"@id":"https:\/\/ssrei.ch\/fr\/limportance-de-lisolation\/"},"author":{"name":"Elodie Gadola","@id":"https:\/\/ssrei.ch\/#\/schema\/person\/7b00af919b1c488cf92a41df137eb49f"},"headline":"L\u2019importance de l\u2019isolation","datePublished":"2025-08-27T09:27:10+00:00","dateModified":"2025-08-27T13:09:50+00:00","mainEntityOfPage":{"@id":"https:\/\/ssrei.ch\/fr\/limportance-de-lisolation\/"},"wordCount":581,"image":{"@id":"https:\/\/ssrei.ch\/fr\/limportance-de-lisolation\/#primaryimage"},"thumbnailUrl":"https:\/\/ssrei.ch\/wp-content\/uploads\/2025\/08\/shutterstock_2578933767.jpg","articleSection":["Non classifi\u00e9(e)"],"inLanguage":"fr-FR"},{"@type":"WebPage","@id":"https:\/\/ssrei.ch\/fr\/limportance-de-lisolation\/","url":"https:\/\/ssrei.ch\/fr\/limportance-de-lisolation\/","name":"L\u2019importance de l\u2019isolation - SSREI","isPartOf":{"@id":"https:\/\/ssrei.ch\/#website"},"primaryImageOfPage":{"@id":"https:\/\/ssrei.ch\/fr\/limportance-de-lisolation\/#primaryimage"},"image":{"@id":"https:\/\/ssrei.ch\/fr\/limportance-de-lisolation\/#primaryimage"},"thumbnailUrl":"https:\/\/ssrei.ch\/wp-content\/uploads\/2025\/08\/shutterstock_2578933767.jpg","datePublished":"2025-08-27T09:27:10+00:00","dateModified":"2025-08-27T13:09:50+00:00","author":{"@id":"https:\/\/ssrei.ch\/#\/schema\/person\/7b00af919b1c488cf92a41df137eb49f"},"breadcrumb":{"@id":"https:\/\/ssrei.ch\/fr\/limportance-de-lisolation\/#breadcrumb"},"inLanguage":"fr-FR","potentialAction":[{"@type":"ReadAction","target":["https:\/\/ssrei.ch\/fr\/limportance-de-lisolation\/"]}]},{"@type":"ImageObject","inLanguage":"fr-FR","@id":"https:\/\/ssrei.ch\/fr\/limportance-de-lisolation\/#primaryimage","url":"https:\/\/ssrei.ch\/wp-content\/uploads\/2025\/08\/shutterstock_2578933767.jpg","contentUrl":"https:\/\/ssrei.ch\/wp-content\/uploads\/2025\/08\/shutterstock_2578933767.jpg","width":1000,"height":667},{"@type":"BreadcrumbList","@id":"https:\/\/ssrei.ch\/fr\/limportance-de-lisolation\/#breadcrumb","itemListElement":[{"@type":"ListItem","position":1,"name":"Home","item":"https:\/\/ssrei.ch\/fr\/"},{"@type":"ListItem","position":2,"name":"L\u2019importance de l\u2019isolation"}]},{"@type":"WebSite","@id":"https:\/\/ssrei.ch\/#website","url":"https:\/\/ssrei.ch\/","name":"SSREI","description":"Swiss Sustainable Real Estate Index","potentialAction":[{"@type":"SearchAction","target":{"@type":"EntryPoint","urlTemplate":"https:\/\/ssrei.ch\/?s={search_term_string}"},"query-input":{"@type":"PropertyValueSpecification","valueRequired":true,"valueName":"search_term_string"}}],"inLanguage":"fr-FR"},{"@type":"Person","@id":"https:\/\/ssrei.ch\/#\/schema\/person\/7b00af919b1c488cf92a41df137eb49f","name":"Elodie Gadola","url":"https:\/\/ssrei.ch\/fr\/author\/elodie-gadola\/"}]}},"_links":{"self":[{"href":"https:\/\/ssrei.ch\/fr\/wp-json\/wp\/v2\/posts\/14198","targetHints":{"allow":["GET"]}}],"collection":[{"href":"https:\/\/ssrei.ch\/fr\/wp-json\/wp\/v2\/posts"}],"about":[{"href":"https:\/\/ssrei.ch\/fr\/wp-json\/wp\/v2\/types\/post"}],"author":[{"embeddable":true,"href":"https:\/\/ssrei.ch\/fr\/wp-json\/wp\/v2\/users\/5"}],"replies":[{"embeddable":true,"href":"https:\/\/ssrei.ch\/fr\/wp-json\/wp\/v2\/comments?post=14198"}],"version-history":[{"count":6,"href":"https:\/\/ssrei.ch\/fr\/wp-json\/wp\/v2\/posts\/14198\/revisions"}],"predecessor-version":[{"id":14253,"href":"https:\/\/ssrei.ch\/fr\/wp-json\/wp\/v2\/posts\/14198\/revisions\/14253"}],"wp:featuredmedia":[{"embeddable":true,"href":"https:\/\/ssrei.ch\/fr\/wp-json\/wp\/v2\/media\/14183"}],"wp:attachment":[{"href":"https:\/\/ssrei.ch\/fr\/wp-json\/wp\/v2\/media?parent=14198"}],"wp:term":[{"taxonomy":"category","embeddable":true,"href":"https:\/\/ssrei.ch\/fr\/wp-json\/wp\/v2\/categories?post=14198"},{"taxonomy":"post_tag","embeddable":true,"href":"https:\/\/ssrei.ch\/fr\/wp-json\/wp\/v2\/tags?post=14198"}],"curies":[{"name":"wp","href":"https:\/\/api.w.org\/{rel}","templated":true}]}}