{"id":13152,"date":"2025-03-26T10:49:20","date_gmt":"2025-03-26T08:49:20","guid":{"rendered":"https:\/\/ssrei.ch\/ssrei-et-la-compatibilite-sociale\/"},"modified":"2025-03-27T10:39:50","modified_gmt":"2025-03-27T08:39:50","slug":"ssrei-et-la-compatibilite-sociale","status":"publish","type":"post","link":"https:\/\/ssrei.ch\/fr\/ssrei-et-la-compatibilite-sociale\/","title":{"rendered":"SSREI et la compatibilit\u00e9 sociale"},"content":{"rendered":"<h5>La compatibilit\u00e9 sociale est d\u00e9sormais une partie incontest\u00e9e de la durabilit\u00e9. Ce th\u00e8me joue \u00e9galement un r\u00f4le important dans le SSREI.<\/h5>\n<p>Dans le contexte de l&rsquo;immobilier, la compatibilit\u00e9 sociale est un terme large qui inclut par exemple des aspects de convivialit\u00e9 et de logements abordables. L&rsquo;horizon de r\u00e9flexion s&rsquo;\u00e9tend ainsi de la simple qualit\u00e9 du b\u00e2timent \u00e0 des aspects sociopolitiques.<\/p>\n<p>Le catalogue SSREI comprend 36 indicateurs r\u00e9partis entre les domaines de la soci\u00e9t\u00e9, de l&rsquo;\u00e9conomie et de l&rsquo;environnement. Cette classification des indicateurs n&rsquo;est cependant pas toujours claire, car certains peuvent englober plusieurs dimensions \u00e0 la fois. Une analyse transversale donne l&rsquo;image suivante de la couverture de la compatibilit\u00e9 sociale dans le SSREI :<\/p>\n<ul>\n<li>Qualit\u00e9 urbaine et architecturale :<br \/>\nLes b\u00e2timents sont des biens culturels, c&rsquo;est-\u00e0-dire des objets d&rsquo;importance soci\u00e9tale. Cet aspect est \u00e9valu\u00e9 car les b\u00e2timents de qualit\u00e9 sup\u00e9rieure sont mieux prot\u00e9g\u00e9s contre la d\u00e9molition ou le remplacement par de nouveaux b\u00e2timents. Cela signifie qu&rsquo;en plus de pr\u00e9server le patrimoine culturel, il y a moins de d\u00e9chets et de consommation de mat\u00e9riaux, donc une r\u00e9duction de la demande en \u00e9nergie grise, ainsi que la pr\u00e9vention des r\u00e9siliations de baux et des augmentations massives des loyers.<\/li>\n<li>Bien-\u00eatre :<u><br \/>\n<\/u>Cette cat\u00e9gorie comprend la qualit\u00e9 du b\u00e2timent en termes de lumi\u00e8re naturelle, de niveau sonore, de qualit\u00e9 de l&rsquo;air, de surchauffe, de radiation, ainsi que de fonctionnalit\u00e9.<\/li>\n<li>Coh\u00e9sion sociale :<br \/>\nIl s&rsquo;agit ici de l&rsquo;accessibilit\u00e9, ainsi que de la micro-localisation et des opportunit\u00e9s de rencontres sociales. Tout cela contribue \u00e0 lutter contre l&rsquo;isolement social.<\/li>\n<li>Densit\u00e9 d&rsquo;utilisation, densification urbaine et flexibilit\u00e9 d&rsquo;utilisation :<u><br \/>\n<\/u>Selon une \u00e9tude de Raiffeisen, une allocation id\u00e9ale de l&rsquo;espace r\u00e9sidentiel disponible pourrait lib\u00e9rer 170 000 appartements de 100 m2. Compte tenu de l&rsquo;augmentation continue des loyers, des surfaces r\u00e9sidentielles plus petites sont \u00e9galement dans l&rsquo;int\u00e9r\u00eat des locataires. Mais ce n&rsquo;est pas seulement avec une forte densit\u00e9 d&rsquo;utilisation, mais aussi avec une densification urbaine que plus de capacit\u00e9s r\u00e9sidentielles peuvent \u00eatre cr\u00e9\u00e9es. Les b\u00e2timents flexibles et modulables, enfin, offrent des conditions id\u00e9ales pour la transformation des espaces de bureaux en logements. Par cons\u00e9quent, le SSREI contribue \u00e0 la cr\u00e9ation de plus de logements abordables gr\u00e2ce \u00e0 ces indicateurs.<\/li>\n<\/ul>\n<p>Le SSREI ne prend pas en compte la mixit\u00e9 sociale, car cela impliquerait en fait une renonciation aux revenus locatifs, ce qui cr\u00e9erait un conflit d&rsquo;objectifs avec les attentes de rentabilit\u00e9 des utilisateurs du SSREI (les propri\u00e9taires institutionnels d&rsquo;immobilier). Les rendements sont essentiels pour la s\u00e9curit\u00e9 des retraites, les biens immobiliers, d\u00e9tenus directement ou indirectement, repr\u00e9sentant des investissements importants pour les caisses de pension et les fondations d&rsquo;investissement.<\/p>\n<p>Comme cela peut toutefois fonctionner, le montre Helvetia Versicherungen avec le complexe r\u00e9sidentiel Frohburg \u00e0 Zurich-Oerlikon (voir l&rsquo;article du bulletin d&rsquo;information d&rsquo;aujourd&rsquo;hui <span style=\"color: #ffa536;\"><a style=\"color: #ffa536;\" href=\"https:\/\/ssrei.ch\/fr\/eine-frage-an-marco-ramstein-von-helvetia-versicherungen\/\" target=\"_blank\" rel=\"noopener\">\u00ab Une question pour\u2026 \u00bb<\/a><\/span>). Ce que la collectivit\u00e9 publique, en l&rsquo;occurrence la ville de Zurich, apporte \u00e0 la compatibilit\u00e9 sociale et \u00e0 la mixit\u00e9 sociale, est abord\u00e9 dans notre <span style=\"color: #ffa536;\"><a style=\"color: #ffa536;\" href=\"https:\/\/ssrei.ch\/fr\/interview-avec-daniel-leupi\/\" target=\"_blank\" rel=\"noopener\">interview<\/a> <\/span>avec le conseiller municipal de Zurich, Daniel Leupi.<\/p>\n","protected":false},"excerpt":{"rendered":"<p>La compatibilit\u00e9 sociale est d\u00e9sormais une partie incontest\u00e9e de la durabilit\u00e9. Ce th\u00e8me joue \u00e9galement un r\u00f4le important dans le SSREI. Dans le contexte de l&rsquo;immobilier, la compatibilit\u00e9 sociale est un terme large qui inclut par exemple des aspects de convivialit\u00e9 et de logements abordables. L&rsquo;horizon de r\u00e9flexion s&rsquo;\u00e9tend ainsi de la simple qualit\u00e9 du&#8230;<\/p>\n","protected":false},"author":5,"featured_media":13193,"comment_status":"closed","ping_status":"open","sticky":false,"template":"","format":"standard","meta":{"_acf_changed":false,"footnotes":""},"categories":[9],"tags":[],"class_list":["post-13152","post","type-post","status-publish","format-standard","has-post-thumbnail","hentry","category-non-classifiee"],"acf":[],"yoast_head":"<!-- This site is optimized with the Yoast SEO plugin v27.2 - https:\/\/yoast.com\/product\/yoast-seo-wordpress\/ -->\n<title>SSREI et la compatibilit\u00e9 sociale - SSREI<\/title>\n<meta name=\"robots\" content=\"index, follow, max-snippet:-1, max-image-preview:large, max-video-preview:-1\" \/>\n<link rel=\"canonical\" href=\"https:\/\/ssrei.ch\/fr\/ssrei-et-la-compatibilite-sociale\/\" \/>\n<meta property=\"og:locale\" content=\"fr_FR\" \/>\n<meta property=\"og:type\" content=\"article\" \/>\n<meta property=\"og:title\" content=\"SSREI et la compatibilit\u00e9 sociale - SSREI\" \/>\n<meta property=\"og:description\" content=\"La compatibilit\u00e9 sociale est d\u00e9sormais une partie incontest\u00e9e de la durabilit\u00e9. Ce th\u00e8me joue \u00e9galement un r\u00f4le important dans le SSREI. Dans le contexte de l&rsquo;immobilier, la compatibilit\u00e9 sociale est un terme large qui inclut par exemple des aspects de convivialit\u00e9 et de logements abordables. L&rsquo;horizon de r\u00e9flexion s&rsquo;\u00e9tend ainsi de la simple qualit\u00e9 du...\" \/>\n<meta property=\"og:url\" content=\"https:\/\/ssrei.ch\/fr\/ssrei-et-la-compatibilite-sociale\/\" \/>\n<meta property=\"og:site_name\" content=\"SSREI\" \/>\n<meta property=\"article:published_time\" content=\"2025-03-26T08:49:20+00:00\" \/>\n<meta property=\"article:modified_time\" content=\"2025-03-27T08:39:50+00:00\" \/>\n<meta property=\"og:image\" content=\"https:\/\/ssrei.ch\/wp-content\/uploads\/2025\/03\/Kopie-2.jpg\" \/>\n\t<meta property=\"og:image:width\" content=\"843\" \/>\n\t<meta property=\"og:image:height\" content=\"600\" \/>\n\t<meta property=\"og:image:type\" content=\"image\/jpeg\" \/>\n<meta name=\"author\" content=\"Elodie Gadola\" \/>\n<meta name=\"twitter:card\" content=\"summary_large_image\" \/>\n<meta name=\"twitter:label1\" content=\"\u00c9crit par\" \/>\n\t<meta name=\"twitter:data1\" content=\"Elodie Gadola\" \/>\n\t<meta name=\"twitter:label2\" content=\"Dur\u00e9e de lecture estim\u00e9e\" \/>\n\t<meta name=\"twitter:data2\" content=\"3 minutes\" \/>\n<script type=\"application\/ld+json\" class=\"yoast-schema-graph\">{\"@context\":\"https:\/\/schema.org\",\"@graph\":[{\"@type\":\"Article\",\"@id\":\"https:\/\/ssrei.ch\/fr\/ssrei-et-la-compatibilite-sociale\/#article\",\"isPartOf\":{\"@id\":\"https:\/\/ssrei.ch\/fr\/ssrei-et-la-compatibilite-sociale\/\"},\"author\":{\"name\":\"Elodie Gadola\",\"@id\":\"https:\/\/ssrei.ch\/#\/schema\/person\/7b00af919b1c488cf92a41df137eb49f\"},\"headline\":\"SSREI et la compatibilit\u00e9 sociale\",\"datePublished\":\"2025-03-26T08:49:20+00:00\",\"dateModified\":\"2025-03-27T08:39:50+00:00\",\"mainEntityOfPage\":{\"@id\":\"https:\/\/ssrei.ch\/fr\/ssrei-et-la-compatibilite-sociale\/\"},\"wordCount\":550,\"image\":{\"@id\":\"https:\/\/ssrei.ch\/fr\/ssrei-et-la-compatibilite-sociale\/#primaryimage\"},\"thumbnailUrl\":\"https:\/\/ssrei.ch\/wp-content\/uploads\/2025\/03\/Kopie-2.jpg\",\"articleSection\":[\"Non classifi\u00e9(e)\"],\"inLanguage\":\"fr-FR\"},{\"@type\":\"WebPage\",\"@id\":\"https:\/\/ssrei.ch\/fr\/ssrei-et-la-compatibilite-sociale\/\",\"url\":\"https:\/\/ssrei.ch\/fr\/ssrei-et-la-compatibilite-sociale\/\",\"name\":\"SSREI et la compatibilit\u00e9 sociale - SSREI\",\"isPartOf\":{\"@id\":\"https:\/\/ssrei.ch\/#website\"},\"primaryImageOfPage\":{\"@id\":\"https:\/\/ssrei.ch\/fr\/ssrei-et-la-compatibilite-sociale\/#primaryimage\"},\"image\":{\"@id\":\"https:\/\/ssrei.ch\/fr\/ssrei-et-la-compatibilite-sociale\/#primaryimage\"},\"thumbnailUrl\":\"https:\/\/ssrei.ch\/wp-content\/uploads\/2025\/03\/Kopie-2.jpg\",\"datePublished\":\"2025-03-26T08:49:20+00:00\",\"dateModified\":\"2025-03-27T08:39:50+00:00\",\"author\":{\"@id\":\"https:\/\/ssrei.ch\/#\/schema\/person\/7b00af919b1c488cf92a41df137eb49f\"},\"breadcrumb\":{\"@id\":\"https:\/\/ssrei.ch\/fr\/ssrei-et-la-compatibilite-sociale\/#breadcrumb\"},\"inLanguage\":\"fr-FR\",\"potentialAction\":[{\"@type\":\"ReadAction\",\"target\":[\"https:\/\/ssrei.ch\/fr\/ssrei-et-la-compatibilite-sociale\/\"]}]},{\"@type\":\"ImageObject\",\"inLanguage\":\"fr-FR\",\"@id\":\"https:\/\/ssrei.ch\/fr\/ssrei-et-la-compatibilite-sociale\/#primaryimage\",\"url\":\"https:\/\/ssrei.ch\/wp-content\/uploads\/2025\/03\/Kopie-2.jpg\",\"contentUrl\":\"https:\/\/ssrei.ch\/wp-content\/uploads\/2025\/03\/Kopie-2.jpg\",\"width\":843,\"height\":600,\"caption\":\"1865939638\"},{\"@type\":\"BreadcrumbList\",\"@id\":\"https:\/\/ssrei.ch\/fr\/ssrei-et-la-compatibilite-sociale\/#breadcrumb\",\"itemListElement\":[{\"@type\":\"ListItem\",\"position\":1,\"name\":\"Home\",\"item\":\"https:\/\/ssrei.ch\/fr\/\"},{\"@type\":\"ListItem\",\"position\":2,\"name\":\"SSREI et la compatibilit\u00e9 sociale\"}]},{\"@type\":\"WebSite\",\"@id\":\"https:\/\/ssrei.ch\/#website\",\"url\":\"https:\/\/ssrei.ch\/\",\"name\":\"SSREI\",\"description\":\"Swiss Sustainable Real Estate Index\",\"potentialAction\":[{\"@type\":\"SearchAction\",\"target\":{\"@type\":\"EntryPoint\",\"urlTemplate\":\"https:\/\/ssrei.ch\/?s={search_term_string}\"},\"query-input\":{\"@type\":\"PropertyValueSpecification\",\"valueRequired\":true,\"valueName\":\"search_term_string\"}}],\"inLanguage\":\"fr-FR\"},{\"@type\":\"Person\",\"@id\":\"https:\/\/ssrei.ch\/#\/schema\/person\/7b00af919b1c488cf92a41df137eb49f\",\"name\":\"Elodie Gadola\",\"url\":\"https:\/\/ssrei.ch\/fr\/author\/elodie-gadola\/\"}]}<\/script>\n<!-- \/ Yoast SEO plugin. -->","yoast_head_json":{"title":"SSREI et la compatibilit\u00e9 sociale - SSREI","robots":{"index":"index","follow":"follow","max-snippet":"max-snippet:-1","max-image-preview":"max-image-preview:large","max-video-preview":"max-video-preview:-1"},"canonical":"https:\/\/ssrei.ch\/fr\/ssrei-et-la-compatibilite-sociale\/","og_locale":"fr_FR","og_type":"article","og_title":"SSREI et la compatibilit\u00e9 sociale - SSREI","og_description":"La compatibilit\u00e9 sociale est d\u00e9sormais une partie incontest\u00e9e de la durabilit\u00e9. Ce th\u00e8me joue \u00e9galement un r\u00f4le important dans le SSREI. Dans le contexte de l&rsquo;immobilier, la compatibilit\u00e9 sociale est un terme large qui inclut par exemple des aspects de convivialit\u00e9 et de logements abordables. L&rsquo;horizon de r\u00e9flexion s&rsquo;\u00e9tend ainsi de la simple qualit\u00e9 du...","og_url":"https:\/\/ssrei.ch\/fr\/ssrei-et-la-compatibilite-sociale\/","og_site_name":"SSREI","article_published_time":"2025-03-26T08:49:20+00:00","article_modified_time":"2025-03-27T08:39:50+00:00","og_image":[{"width":843,"height":600,"url":"https:\/\/ssrei.ch\/wp-content\/uploads\/2025\/03\/Kopie-2.jpg","type":"image\/jpeg"}],"author":"Elodie Gadola","twitter_card":"summary_large_image","twitter_misc":{"\u00c9crit par":"Elodie Gadola","Dur\u00e9e de lecture estim\u00e9e":"3 minutes"},"schema":{"@context":"https:\/\/schema.org","@graph":[{"@type":"Article","@id":"https:\/\/ssrei.ch\/fr\/ssrei-et-la-compatibilite-sociale\/#article","isPartOf":{"@id":"https:\/\/ssrei.ch\/fr\/ssrei-et-la-compatibilite-sociale\/"},"author":{"name":"Elodie Gadola","@id":"https:\/\/ssrei.ch\/#\/schema\/person\/7b00af919b1c488cf92a41df137eb49f"},"headline":"SSREI et la compatibilit\u00e9 sociale","datePublished":"2025-03-26T08:49:20+00:00","dateModified":"2025-03-27T08:39:50+00:00","mainEntityOfPage":{"@id":"https:\/\/ssrei.ch\/fr\/ssrei-et-la-compatibilite-sociale\/"},"wordCount":550,"image":{"@id":"https:\/\/ssrei.ch\/fr\/ssrei-et-la-compatibilite-sociale\/#primaryimage"},"thumbnailUrl":"https:\/\/ssrei.ch\/wp-content\/uploads\/2025\/03\/Kopie-2.jpg","articleSection":["Non classifi\u00e9(e)"],"inLanguage":"fr-FR"},{"@type":"WebPage","@id":"https:\/\/ssrei.ch\/fr\/ssrei-et-la-compatibilite-sociale\/","url":"https:\/\/ssrei.ch\/fr\/ssrei-et-la-compatibilite-sociale\/","name":"SSREI et la compatibilit\u00e9 sociale - SSREI","isPartOf":{"@id":"https:\/\/ssrei.ch\/#website"},"primaryImageOfPage":{"@id":"https:\/\/ssrei.ch\/fr\/ssrei-et-la-compatibilite-sociale\/#primaryimage"},"image":{"@id":"https:\/\/ssrei.ch\/fr\/ssrei-et-la-compatibilite-sociale\/#primaryimage"},"thumbnailUrl":"https:\/\/ssrei.ch\/wp-content\/uploads\/2025\/03\/Kopie-2.jpg","datePublished":"2025-03-26T08:49:20+00:00","dateModified":"2025-03-27T08:39:50+00:00","author":{"@id":"https:\/\/ssrei.ch\/#\/schema\/person\/7b00af919b1c488cf92a41df137eb49f"},"breadcrumb":{"@id":"https:\/\/ssrei.ch\/fr\/ssrei-et-la-compatibilite-sociale\/#breadcrumb"},"inLanguage":"fr-FR","potentialAction":[{"@type":"ReadAction","target":["https:\/\/ssrei.ch\/fr\/ssrei-et-la-compatibilite-sociale\/"]}]},{"@type":"ImageObject","inLanguage":"fr-FR","@id":"https:\/\/ssrei.ch\/fr\/ssrei-et-la-compatibilite-sociale\/#primaryimage","url":"https:\/\/ssrei.ch\/wp-content\/uploads\/2025\/03\/Kopie-2.jpg","contentUrl":"https:\/\/ssrei.ch\/wp-content\/uploads\/2025\/03\/Kopie-2.jpg","width":843,"height":600,"caption":"1865939638"},{"@type":"BreadcrumbList","@id":"https:\/\/ssrei.ch\/fr\/ssrei-et-la-compatibilite-sociale\/#breadcrumb","itemListElement":[{"@type":"ListItem","position":1,"name":"Home","item":"https:\/\/ssrei.ch\/fr\/"},{"@type":"ListItem","position":2,"name":"SSREI et la compatibilit\u00e9 sociale"}]},{"@type":"WebSite","@id":"https:\/\/ssrei.ch\/#website","url":"https:\/\/ssrei.ch\/","name":"SSREI","description":"Swiss Sustainable Real Estate Index","potentialAction":[{"@type":"SearchAction","target":{"@type":"EntryPoint","urlTemplate":"https:\/\/ssrei.ch\/?s={search_term_string}"},"query-input":{"@type":"PropertyValueSpecification","valueRequired":true,"valueName":"search_term_string"}}],"inLanguage":"fr-FR"},{"@type":"Person","@id":"https:\/\/ssrei.ch\/#\/schema\/person\/7b00af919b1c488cf92a41df137eb49f","name":"Elodie Gadola","url":"https:\/\/ssrei.ch\/fr\/author\/elodie-gadola\/"}]}},"_links":{"self":[{"href":"https:\/\/ssrei.ch\/fr\/wp-json\/wp\/v2\/posts\/13152","targetHints":{"allow":["GET"]}}],"collection":[{"href":"https:\/\/ssrei.ch\/fr\/wp-json\/wp\/v2\/posts"}],"about":[{"href":"https:\/\/ssrei.ch\/fr\/wp-json\/wp\/v2\/types\/post"}],"author":[{"embeddable":true,"href":"https:\/\/ssrei.ch\/fr\/wp-json\/wp\/v2\/users\/5"}],"replies":[{"embeddable":true,"href":"https:\/\/ssrei.ch\/fr\/wp-json\/wp\/v2\/comments?post=13152"}],"version-history":[{"count":4,"href":"https:\/\/ssrei.ch\/fr\/wp-json\/wp\/v2\/posts\/13152\/revisions"}],"predecessor-version":[{"id":13198,"href":"https:\/\/ssrei.ch\/fr\/wp-json\/wp\/v2\/posts\/13152\/revisions\/13198"}],"wp:featuredmedia":[{"embeddable":true,"href":"https:\/\/ssrei.ch\/fr\/wp-json\/wp\/v2\/media\/13193"}],"wp:attachment":[{"href":"https:\/\/ssrei.ch\/fr\/wp-json\/wp\/v2\/media?parent=13152"}],"wp:term":[{"taxonomy":"category","embeddable":true,"href":"https:\/\/ssrei.ch\/fr\/wp-json\/wp\/v2\/categories?post=13152"},{"taxonomy":"post_tag","embeddable":true,"href":"https:\/\/ssrei.ch\/fr\/wp-json\/wp\/v2\/tags?post=13152"}],"curies":[{"name":"wp","href":"https:\/\/api.w.org\/{rel}","templated":true}]}}