{"id":12468,"date":"2024-11-27T17:20:59","date_gmt":"2024-11-27T15:20:59","guid":{"rendered":"https:\/\/ssrei.ch\/une-question-pour-anja-meyer-presidente-du-conseil-dadministration-de-smeyers\/"},"modified":"2024-11-29T12:41:41","modified_gmt":"2024-11-29T10:41:41","slug":"une-question-pour-anja-meyer-presidente-du-conseil-dadministration-de-smeyers","status":"publish","type":"post","link":"https:\/\/ssrei.ch\/fr\/une-question-pour-anja-meyer-presidente-du-conseil-dadministration-de-smeyers\/","title":{"rendered":"Une question pour Anja Meyer, pr\u00e9sidente du conseil d&rsquo;administration de smeyers"},"content":{"rendered":"<h5>Le manque de logements en Suisse fait grimper les loyers et pousse les m\u00e9nages \u00e0 faibles revenus \u00e0 quitter leurs quartiers. Avec l&rsquo;ordonnance sur la protection des logements, qui vise \u00e0 promouvoir l&rsquo;habitat abordable, le canton de B\u00e2le-Ville tente de contrer cette tendance. Toutefois, cette d\u00e9cision populaire n&rsquo;a gu\u00e8re r\u00e9joui les investisseurs. Quels impacts n\u00e9gatifs cette initiative, bien intentionn\u00e9e, peut-elle engendrer ? Quelles seraient les alternatives pour ma\u00eetriser ce probl\u00e8me ?<\/h5>\n<p>La loi limite fortement la libert\u00e9 de d\u00e9cision des propri\u00e9taires immobiliers, ce qui a engendr\u00e9 une grande incertitude sur le march\u00e9. Des questions fondamentales, comme le maintien des biens en tant que logements locatifs ou leur conversion en propri\u00e9t\u00e9 par \u00e9tage, sont d\u00e9sormais tranch\u00e9es par les autorit\u00e9s ou par un nouveau comit\u00e9 \u00e9tabli dans la ville de B\u00e2le. Cela s\u2019apparente presque \u00e0 une expropriation partielle. En outre, le secteur craint un risque d\u2019\u00ab arbitraire administratif \u00bb.<\/p>\n<p>Cela conduit \u00e0 une prudence sur le march\u00e9. Les projets de r\u00e9novation sont retard\u00e9s ou, plut\u00f4t que des r\u00e9novations compl\u00e8tes, seules des r\u00e9novations d\u2019appartements individuels sont r\u00e9alis\u00e9es. Le volume des transactions a atteint un point bas, avec pour cons\u00e9quence une baisse des prix de transaction pouvant atteindre jusqu\u2019\u00e0 30%.<\/p>\n<p>Les principaux perdants sont les entreprises locales, qui ressentent cette tendance directement dans leurs carnets de commandes. Ce blocage des investissements est toutefois pr\u00e9occupant non seulement sur le plan \u00e9conomique, mais \u00e9galement sur le plan environnemental : les r\u00e9novations \u00e9nerg\u00e9tiques devraient \u00eatre acc\u00e9l\u00e9r\u00e9es de toute urgence pour atteindre les objectifs climatiques.<\/p>\n<p>Une initiative bien intentionn\u00e9e, certes, mais dont les cons\u00e9quences sur le march\u00e9 semblent avoir \u00e9t\u00e9 insuffisamment anticip\u00e9es. Le probl\u00e8me du logement abordable ne peut \u00eatre r\u00e9solu par des outils de planification centralis\u00e9e. Il faut plut\u00f4t cr\u00e9er de nouvelles capacit\u00e9s \u2013 par des constructions neuves et, surtout, par une densification significative. Des proc\u00e9dures d\u2019autorisation de construire plus efficaces et des mesures fermes contre les recours abusifs seraient probablement plus b\u00e9n\u00e9fiques pour la soci\u00e9t\u00e9 \u2013 tant pour les locataires que pour les propri\u00e9taires. C\u2019est dans ces domaines que les autorit\u00e9s devraient concentrer leurs efforts.<\/p>\n<p>&nbsp;<\/p>\n<p><img loading=\"lazy\" decoding=\"async\" class=\"alignleft wp-image-12382 size-medium\" src=\"https:\/\/ssrei.ch\/wp-content\/uploads\/2024\/11\/Anja_Gerry_Ebener-222x300.png\" alt=\"\" width=\"222\" height=\"300\" srcset=\"https:\/\/ssrei.ch\/wp-content\/uploads\/2024\/11\/Anja_Gerry_Ebener-222x300.png 222w, https:\/\/ssrei.ch\/wp-content\/uploads\/2024\/11\/Anja_Gerry_Ebener-74x100.png 74w, https:\/\/ssrei.ch\/wp-content\/uploads\/2024\/11\/Anja_Gerry_Ebener-148x200.png 148w, https:\/\/ssrei.ch\/wp-content\/uploads\/2024\/11\/Anja_Gerry_Ebener-296x400.png 296w, https:\/\/ssrei.ch\/wp-content\/uploads\/2024\/11\/Anja_Gerry_Ebener-111x150.png 111w, https:\/\/ssrei.ch\/wp-content\/uploads\/2024\/11\/Anja_Gerry_Ebener-56x75.png 56w, https:\/\/ssrei.ch\/wp-content\/uploads\/2024\/11\/Anja_Gerry_Ebener-444x600.png 444w, https:\/\/ssrei.ch\/wp-content\/uploads\/2024\/11\/Anja_Gerry_Ebener.png 497w\" sizes=\"auto, (max-width: 222px) 100vw, 222px\" \/><\/p>\n<p>A propos de la personne : Anja Meyer est cofondatrice, copropri\u00e9taire et actuellement pr\u00e9sidente du conseil d\u2019administration de l\u2019entreprise de conseil smeyers SA. Avec ses quatre piliers commerce, marketing, vente et location smeyers compte parmi les acteurs majeurs du march\u00e9.<\/p>\n<p style=\"text-align: left;\">\n","protected":false},"excerpt":{"rendered":"<p>Le manque de logements en Suisse fait grimper les loyers et pousse les m\u00e9nages \u00e0 faibles revenus \u00e0 quitter leurs quartiers. Avec l&rsquo;ordonnance sur la protection des logements, qui vise \u00e0 promouvoir l&rsquo;habitat abordable, le canton de B\u00e2le-Ville tente de contrer cette tendance. Toutefois, cette d\u00e9cision populaire n&rsquo;a gu\u00e8re r\u00e9joui les investisseurs. Quels impacts n\u00e9gatifs&#8230;<\/p>\n","protected":false},"author":5,"featured_media":10695,"comment_status":"closed","ping_status":"open","sticky":false,"template":"","format":"standard","meta":{"_acf_changed":false,"footnotes":""},"categories":[9],"tags":[],"class_list":["post-12468","post","type-post","status-publish","format-standard","has-post-thumbnail","hentry","category-non-classifiee"],"acf":[],"yoast_head":"<!-- This site is optimized with the Yoast SEO plugin v27.2 - https:\/\/yoast.com\/product\/yoast-seo-wordpress\/ -->\n<title>Une question pour Anja Meyer, pr\u00e9sidente du conseil d&#039;administration de smeyers - SSREI<\/title>\n<meta name=\"robots\" content=\"index, follow, max-snippet:-1, max-image-preview:large, max-video-preview:-1\" \/>\n<link rel=\"canonical\" href=\"https:\/\/ssrei.ch\/fr\/une-question-pour-anja-meyer-presidente-du-conseil-dadministration-de-smeyers\/\" \/>\n<meta property=\"og:locale\" content=\"fr_FR\" \/>\n<meta property=\"og:type\" content=\"article\" \/>\n<meta property=\"og:title\" content=\"Une question pour Anja Meyer, pr\u00e9sidente du conseil d&#039;administration de smeyers - SSREI\" \/>\n<meta property=\"og:description\" content=\"Le manque de logements en Suisse fait grimper les loyers et pousse les m\u00e9nages \u00e0 faibles revenus \u00e0 quitter leurs quartiers. Avec l&rsquo;ordonnance sur la protection des logements, qui vise \u00e0 promouvoir l&rsquo;habitat abordable, le canton de B\u00e2le-Ville tente de contrer cette tendance. Toutefois, cette d\u00e9cision populaire n&rsquo;a gu\u00e8re r\u00e9joui les investisseurs. Quels impacts n\u00e9gatifs...\" \/>\n<meta property=\"og:url\" content=\"https:\/\/ssrei.ch\/fr\/une-question-pour-anja-meyer-presidente-du-conseil-dadministration-de-smeyers\/\" \/>\n<meta property=\"og:site_name\" content=\"SSREI\" \/>\n<meta property=\"article:published_time\" content=\"2024-11-27T15:20:59+00:00\" \/>\n<meta property=\"article:modified_time\" content=\"2024-11-29T10:41:41+00:00\" \/>\n<meta property=\"og:image\" content=\"https:\/\/ssrei.ch\/wp-content\/uploads\/2023\/11\/Layoutbild.jpg\" \/>\n\t<meta property=\"og:image:width\" content=\"1000\" \/>\n\t<meta property=\"og:image:height\" content=\"667\" \/>\n\t<meta property=\"og:image:type\" content=\"image\/jpeg\" \/>\n<meta name=\"author\" content=\"Elodie Gadola\" \/>\n<meta name=\"twitter:card\" content=\"summary_large_image\" \/>\n<meta name=\"twitter:label1\" content=\"\u00c9crit par\" \/>\n\t<meta name=\"twitter:data1\" content=\"Elodie Gadola\" \/>\n\t<meta name=\"twitter:label2\" content=\"Dur\u00e9e de lecture estim\u00e9e\" \/>\n\t<meta name=\"twitter:data2\" content=\"3 minutes\" \/>\n<script type=\"application\/ld+json\" class=\"yoast-schema-graph\">{\"@context\":\"https:\/\/schema.org\",\"@graph\":[{\"@type\":\"Article\",\"@id\":\"https:\/\/ssrei.ch\/fr\/une-question-pour-anja-meyer-presidente-du-conseil-dadministration-de-smeyers\/#article\",\"isPartOf\":{\"@id\":\"https:\/\/ssrei.ch\/fr\/une-question-pour-anja-meyer-presidente-du-conseil-dadministration-de-smeyers\/\"},\"author\":{\"name\":\"Elodie Gadola\",\"@id\":\"https:\/\/ssrei.ch\/#\/schema\/person\/7b00af919b1c488cf92a41df137eb49f\"},\"headline\":\"Une question pour Anja Meyer, pr\u00e9sidente du conseil d&rsquo;administration de smeyers\",\"datePublished\":\"2024-11-27T15:20:59+00:00\",\"dateModified\":\"2024-11-29T10:41:41+00:00\",\"mainEntityOfPage\":{\"@id\":\"https:\/\/ssrei.ch\/fr\/une-question-pour-anja-meyer-presidente-du-conseil-dadministration-de-smeyers\/\"},\"wordCount\":437,\"image\":{\"@id\":\"https:\/\/ssrei.ch\/fr\/une-question-pour-anja-meyer-presidente-du-conseil-dadministration-de-smeyers\/#primaryimage\"},\"thumbnailUrl\":\"https:\/\/ssrei.ch\/wp-content\/uploads\/2023\/11\/Layoutbild.jpg\",\"articleSection\":[\"Non classifi\u00e9(e)\"],\"inLanguage\":\"fr-FR\"},{\"@type\":\"WebPage\",\"@id\":\"https:\/\/ssrei.ch\/fr\/une-question-pour-anja-meyer-presidente-du-conseil-dadministration-de-smeyers\/\",\"url\":\"https:\/\/ssrei.ch\/fr\/une-question-pour-anja-meyer-presidente-du-conseil-dadministration-de-smeyers\/\",\"name\":\"Une question pour Anja Meyer, pr\u00e9sidente du conseil d'administration de smeyers - SSREI\",\"isPartOf\":{\"@id\":\"https:\/\/ssrei.ch\/#website\"},\"primaryImageOfPage\":{\"@id\":\"https:\/\/ssrei.ch\/fr\/une-question-pour-anja-meyer-presidente-du-conseil-dadministration-de-smeyers\/#primaryimage\"},\"image\":{\"@id\":\"https:\/\/ssrei.ch\/fr\/une-question-pour-anja-meyer-presidente-du-conseil-dadministration-de-smeyers\/#primaryimage\"},\"thumbnailUrl\":\"https:\/\/ssrei.ch\/wp-content\/uploads\/2023\/11\/Layoutbild.jpg\",\"datePublished\":\"2024-11-27T15:20:59+00:00\",\"dateModified\":\"2024-11-29T10:41:41+00:00\",\"author\":{\"@id\":\"https:\/\/ssrei.ch\/#\/schema\/person\/7b00af919b1c488cf92a41df137eb49f\"},\"breadcrumb\":{\"@id\":\"https:\/\/ssrei.ch\/fr\/une-question-pour-anja-meyer-presidente-du-conseil-dadministration-de-smeyers\/#breadcrumb\"},\"inLanguage\":\"fr-FR\",\"potentialAction\":[{\"@type\":\"ReadAction\",\"target\":[\"https:\/\/ssrei.ch\/fr\/une-question-pour-anja-meyer-presidente-du-conseil-dadministration-de-smeyers\/\"]}]},{\"@type\":\"ImageObject\",\"inLanguage\":\"fr-FR\",\"@id\":\"https:\/\/ssrei.ch\/fr\/une-question-pour-anja-meyer-presidente-du-conseil-dadministration-de-smeyers\/#primaryimage\",\"url\":\"https:\/\/ssrei.ch\/wp-content\/uploads\/2023\/11\/Layoutbild.jpg\",\"contentUrl\":\"https:\/\/ssrei.ch\/wp-content\/uploads\/2023\/11\/Layoutbild.jpg\",\"width\":1000,\"height\":667},{\"@type\":\"BreadcrumbList\",\"@id\":\"https:\/\/ssrei.ch\/fr\/une-question-pour-anja-meyer-presidente-du-conseil-dadministration-de-smeyers\/#breadcrumb\",\"itemListElement\":[{\"@type\":\"ListItem\",\"position\":1,\"name\":\"Home\",\"item\":\"https:\/\/ssrei.ch\/fr\/\"},{\"@type\":\"ListItem\",\"position\":2,\"name\":\"Une question pour Anja Meyer, pr\u00e9sidente du conseil d&#8217;administration de smeyers\"}]},{\"@type\":\"WebSite\",\"@id\":\"https:\/\/ssrei.ch\/#website\",\"url\":\"https:\/\/ssrei.ch\/\",\"name\":\"SSREI\",\"description\":\"Swiss Sustainable Real Estate Index\",\"potentialAction\":[{\"@type\":\"SearchAction\",\"target\":{\"@type\":\"EntryPoint\",\"urlTemplate\":\"https:\/\/ssrei.ch\/?s={search_term_string}\"},\"query-input\":{\"@type\":\"PropertyValueSpecification\",\"valueRequired\":true,\"valueName\":\"search_term_string\"}}],\"inLanguage\":\"fr-FR\"},{\"@type\":\"Person\",\"@id\":\"https:\/\/ssrei.ch\/#\/schema\/person\/7b00af919b1c488cf92a41df137eb49f\",\"name\":\"Elodie Gadola\",\"url\":\"https:\/\/ssrei.ch\/fr\/author\/elodie-gadola\/\"}]}<\/script>\n<!-- \/ Yoast SEO plugin. -->","yoast_head_json":{"title":"Une question pour Anja Meyer, pr\u00e9sidente du conseil d'administration de smeyers - SSREI","robots":{"index":"index","follow":"follow","max-snippet":"max-snippet:-1","max-image-preview":"max-image-preview:large","max-video-preview":"max-video-preview:-1"},"canonical":"https:\/\/ssrei.ch\/fr\/une-question-pour-anja-meyer-presidente-du-conseil-dadministration-de-smeyers\/","og_locale":"fr_FR","og_type":"article","og_title":"Une question pour Anja Meyer, pr\u00e9sidente du conseil d'administration de smeyers - SSREI","og_description":"Le manque de logements en Suisse fait grimper les loyers et pousse les m\u00e9nages \u00e0 faibles revenus \u00e0 quitter leurs quartiers. Avec l&rsquo;ordonnance sur la protection des logements, qui vise \u00e0 promouvoir l&rsquo;habitat abordable, le canton de B\u00e2le-Ville tente de contrer cette tendance. Toutefois, cette d\u00e9cision populaire n&rsquo;a gu\u00e8re r\u00e9joui les investisseurs. Quels impacts n\u00e9gatifs...","og_url":"https:\/\/ssrei.ch\/fr\/une-question-pour-anja-meyer-presidente-du-conseil-dadministration-de-smeyers\/","og_site_name":"SSREI","article_published_time":"2024-11-27T15:20:59+00:00","article_modified_time":"2024-11-29T10:41:41+00:00","og_image":[{"width":1000,"height":667,"url":"https:\/\/ssrei.ch\/wp-content\/uploads\/2023\/11\/Layoutbild.jpg","type":"image\/jpeg"}],"author":"Elodie Gadola","twitter_card":"summary_large_image","twitter_misc":{"\u00c9crit par":"Elodie Gadola","Dur\u00e9e de lecture estim\u00e9e":"3 minutes"},"schema":{"@context":"https:\/\/schema.org","@graph":[{"@type":"Article","@id":"https:\/\/ssrei.ch\/fr\/une-question-pour-anja-meyer-presidente-du-conseil-dadministration-de-smeyers\/#article","isPartOf":{"@id":"https:\/\/ssrei.ch\/fr\/une-question-pour-anja-meyer-presidente-du-conseil-dadministration-de-smeyers\/"},"author":{"name":"Elodie Gadola","@id":"https:\/\/ssrei.ch\/#\/schema\/person\/7b00af919b1c488cf92a41df137eb49f"},"headline":"Une question pour Anja Meyer, pr\u00e9sidente du conseil d&rsquo;administration de smeyers","datePublished":"2024-11-27T15:20:59+00:00","dateModified":"2024-11-29T10:41:41+00:00","mainEntityOfPage":{"@id":"https:\/\/ssrei.ch\/fr\/une-question-pour-anja-meyer-presidente-du-conseil-dadministration-de-smeyers\/"},"wordCount":437,"image":{"@id":"https:\/\/ssrei.ch\/fr\/une-question-pour-anja-meyer-presidente-du-conseil-dadministration-de-smeyers\/#primaryimage"},"thumbnailUrl":"https:\/\/ssrei.ch\/wp-content\/uploads\/2023\/11\/Layoutbild.jpg","articleSection":["Non classifi\u00e9(e)"],"inLanguage":"fr-FR"},{"@type":"WebPage","@id":"https:\/\/ssrei.ch\/fr\/une-question-pour-anja-meyer-presidente-du-conseil-dadministration-de-smeyers\/","url":"https:\/\/ssrei.ch\/fr\/une-question-pour-anja-meyer-presidente-du-conseil-dadministration-de-smeyers\/","name":"Une question pour Anja Meyer, pr\u00e9sidente du conseil d'administration de smeyers - SSREI","isPartOf":{"@id":"https:\/\/ssrei.ch\/#website"},"primaryImageOfPage":{"@id":"https:\/\/ssrei.ch\/fr\/une-question-pour-anja-meyer-presidente-du-conseil-dadministration-de-smeyers\/#primaryimage"},"image":{"@id":"https:\/\/ssrei.ch\/fr\/une-question-pour-anja-meyer-presidente-du-conseil-dadministration-de-smeyers\/#primaryimage"},"thumbnailUrl":"https:\/\/ssrei.ch\/wp-content\/uploads\/2023\/11\/Layoutbild.jpg","datePublished":"2024-11-27T15:20:59+00:00","dateModified":"2024-11-29T10:41:41+00:00","author":{"@id":"https:\/\/ssrei.ch\/#\/schema\/person\/7b00af919b1c488cf92a41df137eb49f"},"breadcrumb":{"@id":"https:\/\/ssrei.ch\/fr\/une-question-pour-anja-meyer-presidente-du-conseil-dadministration-de-smeyers\/#breadcrumb"},"inLanguage":"fr-FR","potentialAction":[{"@type":"ReadAction","target":["https:\/\/ssrei.ch\/fr\/une-question-pour-anja-meyer-presidente-du-conseil-dadministration-de-smeyers\/"]}]},{"@type":"ImageObject","inLanguage":"fr-FR","@id":"https:\/\/ssrei.ch\/fr\/une-question-pour-anja-meyer-presidente-du-conseil-dadministration-de-smeyers\/#primaryimage","url":"https:\/\/ssrei.ch\/wp-content\/uploads\/2023\/11\/Layoutbild.jpg","contentUrl":"https:\/\/ssrei.ch\/wp-content\/uploads\/2023\/11\/Layoutbild.jpg","width":1000,"height":667},{"@type":"BreadcrumbList","@id":"https:\/\/ssrei.ch\/fr\/une-question-pour-anja-meyer-presidente-du-conseil-dadministration-de-smeyers\/#breadcrumb","itemListElement":[{"@type":"ListItem","position":1,"name":"Home","item":"https:\/\/ssrei.ch\/fr\/"},{"@type":"ListItem","position":2,"name":"Une question pour Anja Meyer, pr\u00e9sidente du conseil d&#8217;administration de smeyers"}]},{"@type":"WebSite","@id":"https:\/\/ssrei.ch\/#website","url":"https:\/\/ssrei.ch\/","name":"SSREI","description":"Swiss Sustainable Real Estate Index","potentialAction":[{"@type":"SearchAction","target":{"@type":"EntryPoint","urlTemplate":"https:\/\/ssrei.ch\/?s={search_term_string}"},"query-input":{"@type":"PropertyValueSpecification","valueRequired":true,"valueName":"search_term_string"}}],"inLanguage":"fr-FR"},{"@type":"Person","@id":"https:\/\/ssrei.ch\/#\/schema\/person\/7b00af919b1c488cf92a41df137eb49f","name":"Elodie Gadola","url":"https:\/\/ssrei.ch\/fr\/author\/elodie-gadola\/"}]}},"_links":{"self":[{"href":"https:\/\/ssrei.ch\/fr\/wp-json\/wp\/v2\/posts\/12468","targetHints":{"allow":["GET"]}}],"collection":[{"href":"https:\/\/ssrei.ch\/fr\/wp-json\/wp\/v2\/posts"}],"about":[{"href":"https:\/\/ssrei.ch\/fr\/wp-json\/wp\/v2\/types\/post"}],"author":[{"embeddable":true,"href":"https:\/\/ssrei.ch\/fr\/wp-json\/wp\/v2\/users\/5"}],"replies":[{"embeddable":true,"href":"https:\/\/ssrei.ch\/fr\/wp-json\/wp\/v2\/comments?post=12468"}],"version-history":[{"count":4,"href":"https:\/\/ssrei.ch\/fr\/wp-json\/wp\/v2\/posts\/12468\/revisions"}],"predecessor-version":[{"id":12485,"href":"https:\/\/ssrei.ch\/fr\/wp-json\/wp\/v2\/posts\/12468\/revisions\/12485"}],"wp:featuredmedia":[{"embeddable":true,"href":"https:\/\/ssrei.ch\/fr\/wp-json\/wp\/v2\/media\/10695"}],"wp:attachment":[{"href":"https:\/\/ssrei.ch\/fr\/wp-json\/wp\/v2\/media?parent=12468"}],"wp:term":[{"taxonomy":"category","embeddable":true,"href":"https:\/\/ssrei.ch\/fr\/wp-json\/wp\/v2\/categories?post=12468"},{"taxonomy":"post_tag","embeddable":true,"href":"https:\/\/ssrei.ch\/fr\/wp-json\/wp\/v2\/tags?post=12468"}],"curies":[{"name":"wp","href":"https:\/\/api.w.org\/{rel}","templated":true}]}}