{"id":12002,"date":"2024-09-25T08:03:46","date_gmt":"2024-09-25T06:03:46","guid":{"rendered":"https:\/\/ssrei.ch\/reactivation-et-monetisation-des-espaces-vacants\/"},"modified":"2024-09-25T14:15:43","modified_gmt":"2024-09-25T12:15:43","slug":"reactivation-et-monetisation-des-espaces-vacants","status":"publish","type":"post","link":"https:\/\/ssrei.ch\/fr\/reactivation-et-monetisation-des-espaces-vacants\/","title":{"rendered":"R\u00e9activation et mon\u00e9tisation des espaces vacants"},"content":{"rendered":"<h5>70 % des entrep\u00f4ts vacants sont des \u00ab espaces morts \u00bb et ne g\u00e9n\u00e8rent donc aucun revenu locatif \u00e0 long terme. Comment les espaces vacants peuvent \u00eatre r\u00e9activ\u00e9s de mani\u00e8re rentable gr\u00e2ce \u00e0 l&rsquo;externalisation du processus de location.<\/h5>\n<p>Dans le contexte actuel de la p\u00e9nurie de logements, les demandes li\u00e9es \u00e0 la construction dense reviennent de plus en plus dans le d\u00e9bat public. L&rsquo;utilisation efficace des ressources fonci\u00e8res limit\u00e9es et la r\u00e9duction des espaces vacants sont en effet des \u00e9l\u00e9ments essentiels d&rsquo;une approche globale de la durabilit\u00e9.<\/p>\n<h5>Forte demande, processus inefficaces<\/h5>\n<p>Malgr\u00e9 l&rsquo;urbanisation croissante, la croissance d\u00e9mographique et une soci\u00e9t\u00e9 de consommation en expansion, le taux de vacance des espaces de stockage externes reste plus ou moins constant, ou plut\u00f4t constamment \u00e9lev\u00e9 : environ 70 % des entrep\u00f4ts vacants ne sont m\u00eame pas pr\u00e9sents sur le march\u00e9. Bien que la demande soit globalement en hausse continue, ces espaces sont souvent peu ou pas activement et efficacement commercialis\u00e9s. Il est fr\u00e9quent de tenter de louer ces espaces avec les m\u00eames processus que pour des appartements, mais un tel processus est, a priori, inefficace pour ce type de bien. Les revenus locatifs obtenus sont g\u00e9n\u00e9ralement disproportionn\u00e9s par rapport aux efforts d\u00e9ploy\u00e9s. Le r\u00e9sultat est un nombre consid\u00e9rable d&rsquo;espaces qui restent simplement inutilis\u00e9s.<\/p>\n<h4><em>\u00ab En tant que propri\u00e9taires, nous voulons nous assurer que tous les espaces utilisables sont lou\u00e9s. Nous appr\u00e9cions de pouvoir d\u00e9l\u00e9guer la location des espaces de stockage vacants \u00e0 storabble. \u00bb<\/em><\/h4>\n<p>Letting Management Helvetia<\/p>\n<h5>Mon\u00e9tisation par l&rsquo;innovation<\/h5>\n<p>Un seul espace de stockage inutilis\u00e9 peut sembler anodin. Cependant, si l&rsquo;on consid\u00e8re l&rsquo;ensemble d&rsquo;un portefeuille, les espaces vacants peuvent repr\u00e9senter une part consid\u00e9rable, entra\u00eenant ainsi des revenus locatifs non r\u00e9alis\u00e9s significatifs. La jeune entreprise suisse <a href=\"https:\/\/storabble.com\/fr\" target=\"_blank\" rel=\"noopener\"><span style=\"color: #ff9900;\">storabble<\/span> <\/a>offre d\u00e9sormais une solution en prenant en charge l&rsquo;int\u00e9gralit\u00e9 du processus de commercialisation et de location pour les propri\u00e9taires immobiliers, et en le g\u00e9rant de mani\u00e8re num\u00e9rique. Dadurch werden Leerst\u00e4nde effizient reduziert und monetarisiert. Cela permet de r\u00e9duire et de mon\u00e9tiser les espaces vacants de mani\u00e8re efficace. Dans certains cas, les espaces ne sont pas \u00ab seulement \u00bb r\u00e9activ\u00e9s, mais peuvent \u00e9galement \u00eatre lou\u00e9s \u00e0 des prix nettement plus \u00e9lev\u00e9s : une analyse a r\u00e9v\u00e9l\u00e9 que les grands espaces de stockage, qui sont subdivis\u00e9s en unit\u00e9s plus petites (de 1 \u00e0 10 m2) en raison de leur flexibilit\u00e9 d&rsquo;utilisation, peuvent atteindre des prix de location jusqu&rsquo;\u00e0 350 % plus \u00e9lev\u00e9s par m\u00e8tre carr\u00e9.<br \/>\nL&rsquo;entreprise est ainsi devenue en peu de temps la plus grande plateforme de mise en relation pour les espaces de stockage en Suisse et compte d\u00e9j\u00e0 divers propri\u00e9taires immobiliers institutionnels et administrations parmi ses clients. R\u00e9cemment, un autre acteur de renom, Helvetia Assurances, a \u00e9t\u00e9 recrut\u00e9 pour un projet pilote.<\/p>\n<p>La r\u00e9activation des espaces vacants et l&rsquo;utilisation efficace des ressources fonci\u00e8res sont ainsi une situation gagnant-gagnant pour les propri\u00e9taires et pour le d\u00e9veloppement durable du parc immobilier suisse.<\/p>\n","protected":false},"excerpt":{"rendered":"<p>70 % des entrep\u00f4ts vacants sont des \u00ab espaces morts \u00bb et ne g\u00e9n\u00e8rent donc aucun revenu locatif \u00e0 long terme. Comment les espaces vacants peuvent \u00eatre r\u00e9activ\u00e9s de mani\u00e8re rentable gr\u00e2ce \u00e0 l&rsquo;externalisation du processus de location. Dans le contexte actuel de la p\u00e9nurie de logements, les demandes li\u00e9es \u00e0 la construction dense reviennent&#8230;<\/p>\n","protected":false},"author":5,"featured_media":11963,"comment_status":"closed","ping_status":"open","sticky":false,"template":"","format":"standard","meta":{"_acf_changed":false,"footnotes":""},"categories":[9],"tags":[],"class_list":["post-12002","post","type-post","status-publish","format-standard","has-post-thumbnail","hentry","category-non-classifiee"],"acf":[],"yoast_head":"<!-- This site is optimized with the Yoast SEO plugin v27.2 - https:\/\/yoast.com\/product\/yoast-seo-wordpress\/ -->\n<title>R\u00e9activation et mon\u00e9tisation des espaces vacants - SSREI<\/title>\n<meta name=\"robots\" content=\"index, follow, max-snippet:-1, max-image-preview:large, max-video-preview:-1\" \/>\n<link rel=\"canonical\" href=\"https:\/\/ssrei.ch\/fr\/reactivation-et-monetisation-des-espaces-vacants\/\" \/>\n<meta property=\"og:locale\" content=\"fr_FR\" \/>\n<meta property=\"og:type\" content=\"article\" \/>\n<meta property=\"og:title\" content=\"R\u00e9activation et mon\u00e9tisation des espaces vacants - SSREI\" \/>\n<meta property=\"og:description\" content=\"70 % des entrep\u00f4ts vacants sont des \u00ab espaces morts \u00bb et ne g\u00e9n\u00e8rent donc aucun revenu locatif \u00e0 long terme. Comment les espaces vacants peuvent \u00eatre r\u00e9activ\u00e9s de mani\u00e8re rentable gr\u00e2ce \u00e0 l&rsquo;externalisation du processus de location. Dans le contexte actuel de la p\u00e9nurie de logements, les demandes li\u00e9es \u00e0 la construction dense reviennent...\" \/>\n<meta property=\"og:url\" content=\"https:\/\/ssrei.ch\/fr\/reactivation-et-monetisation-des-espaces-vacants\/\" \/>\n<meta property=\"og:site_name\" content=\"SSREI\" \/>\n<meta property=\"article:published_time\" content=\"2024-09-25T06:03:46+00:00\" \/>\n<meta property=\"article:modified_time\" content=\"2024-09-25T12:15:43+00:00\" \/>\n<meta property=\"og:image\" content=\"https:\/\/ssrei.ch\/wp-content\/uploads\/2024\/09\/shutterstock_1557453662-min-scaled.jpg\" \/>\n\t<meta property=\"og:image:width\" content=\"2560\" \/>\n\t<meta property=\"og:image:height\" content=\"1792\" \/>\n\t<meta property=\"og:image:type\" content=\"image\/jpeg\" \/>\n<meta name=\"author\" content=\"Elodie Gadola\" \/>\n<meta name=\"twitter:card\" content=\"summary_large_image\" \/>\n<meta name=\"twitter:label1\" content=\"\u00c9crit par\" \/>\n\t<meta name=\"twitter:data1\" content=\"Elodie Gadola\" \/>\n\t<meta name=\"twitter:label2\" content=\"Dur\u00e9e de lecture estim\u00e9e\" \/>\n\t<meta name=\"twitter:data2\" content=\"3 minutes\" \/>\n<script type=\"application\/ld+json\" class=\"yoast-schema-graph\">{\"@context\":\"https:\/\/schema.org\",\"@graph\":[{\"@type\":\"Article\",\"@id\":\"https:\/\/ssrei.ch\/fr\/reactivation-et-monetisation-des-espaces-vacants\/#article\",\"isPartOf\":{\"@id\":\"https:\/\/ssrei.ch\/fr\/reactivation-et-monetisation-des-espaces-vacants\/\"},\"author\":{\"name\":\"Elodie Gadola\",\"@id\":\"https:\/\/ssrei.ch\/#\/schema\/person\/7b00af919b1c488cf92a41df137eb49f\"},\"headline\":\"R\u00e9activation et mon\u00e9tisation des espaces vacants\",\"datePublished\":\"2024-09-25T06:03:46+00:00\",\"dateModified\":\"2024-09-25T12:15:43+00:00\",\"mainEntityOfPage\":{\"@id\":\"https:\/\/ssrei.ch\/fr\/reactivation-et-monetisation-des-espaces-vacants\/\"},\"wordCount\":544,\"image\":{\"@id\":\"https:\/\/ssrei.ch\/fr\/reactivation-et-monetisation-des-espaces-vacants\/#primaryimage\"},\"thumbnailUrl\":\"https:\/\/ssrei.ch\/wp-content\/uploads\/2024\/09\/shutterstock_1557453662-min-scaled.jpg\",\"articleSection\":[\"Non classifi\u00e9(e)\"],\"inLanguage\":\"fr-FR\"},{\"@type\":\"WebPage\",\"@id\":\"https:\/\/ssrei.ch\/fr\/reactivation-et-monetisation-des-espaces-vacants\/\",\"url\":\"https:\/\/ssrei.ch\/fr\/reactivation-et-monetisation-des-espaces-vacants\/\",\"name\":\"R\u00e9activation et mon\u00e9tisation des espaces vacants - SSREI\",\"isPartOf\":{\"@id\":\"https:\/\/ssrei.ch\/#website\"},\"primaryImageOfPage\":{\"@id\":\"https:\/\/ssrei.ch\/fr\/reactivation-et-monetisation-des-espaces-vacants\/#primaryimage\"},\"image\":{\"@id\":\"https:\/\/ssrei.ch\/fr\/reactivation-et-monetisation-des-espaces-vacants\/#primaryimage\"},\"thumbnailUrl\":\"https:\/\/ssrei.ch\/wp-content\/uploads\/2024\/09\/shutterstock_1557453662-min-scaled.jpg\",\"datePublished\":\"2024-09-25T06:03:46+00:00\",\"dateModified\":\"2024-09-25T12:15:43+00:00\",\"author\":{\"@id\":\"https:\/\/ssrei.ch\/#\/schema\/person\/7b00af919b1c488cf92a41df137eb49f\"},\"breadcrumb\":{\"@id\":\"https:\/\/ssrei.ch\/fr\/reactivation-et-monetisation-des-espaces-vacants\/#breadcrumb\"},\"inLanguage\":\"fr-FR\",\"potentialAction\":[{\"@type\":\"ReadAction\",\"target\":[\"https:\/\/ssrei.ch\/fr\/reactivation-et-monetisation-des-espaces-vacants\/\"]}]},{\"@type\":\"ImageObject\",\"inLanguage\":\"fr-FR\",\"@id\":\"https:\/\/ssrei.ch\/fr\/reactivation-et-monetisation-des-espaces-vacants\/#primaryimage\",\"url\":\"https:\/\/ssrei.ch\/wp-content\/uploads\/2024\/09\/shutterstock_1557453662-min-scaled.jpg\",\"contentUrl\":\"https:\/\/ssrei.ch\/wp-content\/uploads\/2024\/09\/shutterstock_1557453662-min-scaled.jpg\",\"width\":2560,\"height\":1792},{\"@type\":\"BreadcrumbList\",\"@id\":\"https:\/\/ssrei.ch\/fr\/reactivation-et-monetisation-des-espaces-vacants\/#breadcrumb\",\"itemListElement\":[{\"@type\":\"ListItem\",\"position\":1,\"name\":\"Home\",\"item\":\"https:\/\/ssrei.ch\/fr\/\"},{\"@type\":\"ListItem\",\"position\":2,\"name\":\"R\u00e9activation et mon\u00e9tisation des espaces vacants\"}]},{\"@type\":\"WebSite\",\"@id\":\"https:\/\/ssrei.ch\/#website\",\"url\":\"https:\/\/ssrei.ch\/\",\"name\":\"SSREI\",\"description\":\"Swiss Sustainable Real Estate Index\",\"potentialAction\":[{\"@type\":\"SearchAction\",\"target\":{\"@type\":\"EntryPoint\",\"urlTemplate\":\"https:\/\/ssrei.ch\/?s={search_term_string}\"},\"query-input\":{\"@type\":\"PropertyValueSpecification\",\"valueRequired\":true,\"valueName\":\"search_term_string\"}}],\"inLanguage\":\"fr-FR\"},{\"@type\":\"Person\",\"@id\":\"https:\/\/ssrei.ch\/#\/schema\/person\/7b00af919b1c488cf92a41df137eb49f\",\"name\":\"Elodie Gadola\",\"url\":\"https:\/\/ssrei.ch\/fr\/author\/elodie-gadola\/\"}]}<\/script>\n<!-- \/ Yoast SEO plugin. -->","yoast_head_json":{"title":"R\u00e9activation et mon\u00e9tisation des espaces vacants - SSREI","robots":{"index":"index","follow":"follow","max-snippet":"max-snippet:-1","max-image-preview":"max-image-preview:large","max-video-preview":"max-video-preview:-1"},"canonical":"https:\/\/ssrei.ch\/fr\/reactivation-et-monetisation-des-espaces-vacants\/","og_locale":"fr_FR","og_type":"article","og_title":"R\u00e9activation et mon\u00e9tisation des espaces vacants - SSREI","og_description":"70 % des entrep\u00f4ts vacants sont des \u00ab espaces morts \u00bb et ne g\u00e9n\u00e8rent donc aucun revenu locatif \u00e0 long terme. Comment les espaces vacants peuvent \u00eatre r\u00e9activ\u00e9s de mani\u00e8re rentable gr\u00e2ce \u00e0 l&rsquo;externalisation du processus de location. Dans le contexte actuel de la p\u00e9nurie de logements, les demandes li\u00e9es \u00e0 la construction dense reviennent...","og_url":"https:\/\/ssrei.ch\/fr\/reactivation-et-monetisation-des-espaces-vacants\/","og_site_name":"SSREI","article_published_time":"2024-09-25T06:03:46+00:00","article_modified_time":"2024-09-25T12:15:43+00:00","og_image":[{"width":2560,"height":1792,"url":"https:\/\/ssrei.ch\/wp-content\/uploads\/2024\/09\/shutterstock_1557453662-min-scaled.jpg","type":"image\/jpeg"}],"author":"Elodie Gadola","twitter_card":"summary_large_image","twitter_misc":{"\u00c9crit par":"Elodie Gadola","Dur\u00e9e de lecture estim\u00e9e":"3 minutes"},"schema":{"@context":"https:\/\/schema.org","@graph":[{"@type":"Article","@id":"https:\/\/ssrei.ch\/fr\/reactivation-et-monetisation-des-espaces-vacants\/#article","isPartOf":{"@id":"https:\/\/ssrei.ch\/fr\/reactivation-et-monetisation-des-espaces-vacants\/"},"author":{"name":"Elodie Gadola","@id":"https:\/\/ssrei.ch\/#\/schema\/person\/7b00af919b1c488cf92a41df137eb49f"},"headline":"R\u00e9activation et mon\u00e9tisation des espaces vacants","datePublished":"2024-09-25T06:03:46+00:00","dateModified":"2024-09-25T12:15:43+00:00","mainEntityOfPage":{"@id":"https:\/\/ssrei.ch\/fr\/reactivation-et-monetisation-des-espaces-vacants\/"},"wordCount":544,"image":{"@id":"https:\/\/ssrei.ch\/fr\/reactivation-et-monetisation-des-espaces-vacants\/#primaryimage"},"thumbnailUrl":"https:\/\/ssrei.ch\/wp-content\/uploads\/2024\/09\/shutterstock_1557453662-min-scaled.jpg","articleSection":["Non classifi\u00e9(e)"],"inLanguage":"fr-FR"},{"@type":"WebPage","@id":"https:\/\/ssrei.ch\/fr\/reactivation-et-monetisation-des-espaces-vacants\/","url":"https:\/\/ssrei.ch\/fr\/reactivation-et-monetisation-des-espaces-vacants\/","name":"R\u00e9activation et mon\u00e9tisation des espaces vacants - SSREI","isPartOf":{"@id":"https:\/\/ssrei.ch\/#website"},"primaryImageOfPage":{"@id":"https:\/\/ssrei.ch\/fr\/reactivation-et-monetisation-des-espaces-vacants\/#primaryimage"},"image":{"@id":"https:\/\/ssrei.ch\/fr\/reactivation-et-monetisation-des-espaces-vacants\/#primaryimage"},"thumbnailUrl":"https:\/\/ssrei.ch\/wp-content\/uploads\/2024\/09\/shutterstock_1557453662-min-scaled.jpg","datePublished":"2024-09-25T06:03:46+00:00","dateModified":"2024-09-25T12:15:43+00:00","author":{"@id":"https:\/\/ssrei.ch\/#\/schema\/person\/7b00af919b1c488cf92a41df137eb49f"},"breadcrumb":{"@id":"https:\/\/ssrei.ch\/fr\/reactivation-et-monetisation-des-espaces-vacants\/#breadcrumb"},"inLanguage":"fr-FR","potentialAction":[{"@type":"ReadAction","target":["https:\/\/ssrei.ch\/fr\/reactivation-et-monetisation-des-espaces-vacants\/"]}]},{"@type":"ImageObject","inLanguage":"fr-FR","@id":"https:\/\/ssrei.ch\/fr\/reactivation-et-monetisation-des-espaces-vacants\/#primaryimage","url":"https:\/\/ssrei.ch\/wp-content\/uploads\/2024\/09\/shutterstock_1557453662-min-scaled.jpg","contentUrl":"https:\/\/ssrei.ch\/wp-content\/uploads\/2024\/09\/shutterstock_1557453662-min-scaled.jpg","width":2560,"height":1792},{"@type":"BreadcrumbList","@id":"https:\/\/ssrei.ch\/fr\/reactivation-et-monetisation-des-espaces-vacants\/#breadcrumb","itemListElement":[{"@type":"ListItem","position":1,"name":"Home","item":"https:\/\/ssrei.ch\/fr\/"},{"@type":"ListItem","position":2,"name":"R\u00e9activation et mon\u00e9tisation des espaces vacants"}]},{"@type":"WebSite","@id":"https:\/\/ssrei.ch\/#website","url":"https:\/\/ssrei.ch\/","name":"SSREI","description":"Swiss Sustainable Real Estate Index","potentialAction":[{"@type":"SearchAction","target":{"@type":"EntryPoint","urlTemplate":"https:\/\/ssrei.ch\/?s={search_term_string}"},"query-input":{"@type":"PropertyValueSpecification","valueRequired":true,"valueName":"search_term_string"}}],"inLanguage":"fr-FR"},{"@type":"Person","@id":"https:\/\/ssrei.ch\/#\/schema\/person\/7b00af919b1c488cf92a41df137eb49f","name":"Elodie Gadola","url":"https:\/\/ssrei.ch\/fr\/author\/elodie-gadola\/"}]}},"_links":{"self":[{"href":"https:\/\/ssrei.ch\/fr\/wp-json\/wp\/v2\/posts\/12002","targetHints":{"allow":["GET"]}}],"collection":[{"href":"https:\/\/ssrei.ch\/fr\/wp-json\/wp\/v2\/posts"}],"about":[{"href":"https:\/\/ssrei.ch\/fr\/wp-json\/wp\/v2\/types\/post"}],"author":[{"embeddable":true,"href":"https:\/\/ssrei.ch\/fr\/wp-json\/wp\/v2\/users\/5"}],"replies":[{"embeddable":true,"href":"https:\/\/ssrei.ch\/fr\/wp-json\/wp\/v2\/comments?post=12002"}],"version-history":[{"count":4,"href":"https:\/\/ssrei.ch\/fr\/wp-json\/wp\/v2\/posts\/12002\/revisions"}],"predecessor-version":[{"id":12036,"href":"https:\/\/ssrei.ch\/fr\/wp-json\/wp\/v2\/posts\/12002\/revisions\/12036"}],"wp:featuredmedia":[{"embeddable":true,"href":"https:\/\/ssrei.ch\/fr\/wp-json\/wp\/v2\/media\/11963"}],"wp:attachment":[{"href":"https:\/\/ssrei.ch\/fr\/wp-json\/wp\/v2\/media?parent=12002"}],"wp:term":[{"taxonomy":"category","embeddable":true,"href":"https:\/\/ssrei.ch\/fr\/wp-json\/wp\/v2\/categories?post=12002"},{"taxonomy":"post_tag","embeddable":true,"href":"https:\/\/ssrei.ch\/fr\/wp-json\/wp\/v2\/tags?post=12002"}],"curies":[{"name":"wp","href":"https:\/\/api.w.org\/{rel}","templated":true}]}}