{"id":11276,"date":"2024-04-29T14:03:33","date_gmt":"2024-04-29T12:03:33","guid":{"rendered":"https:\/\/ssrei.ch\/?p=11276"},"modified":"2024-04-30T11:20:38","modified_gmt":"2024-04-30T09:20:38","slug":"une-question-a-marianne-staehler-directrice-de-lassociation-ecobau","status":"publish","type":"post","link":"https:\/\/ssrei.ch\/fr\/une-question-a-marianne-staehler-directrice-de-lassociation-ecobau\/","title":{"rendered":"Une question \u00e0 Marianne St\u00e4hler, directrice de l&rsquo;association ecobau"},"content":{"rendered":"<h5>Madame St\u00e4hler, l&rsquo;ajout du label de b\u00e2timent \u00ab ECO \u00bb, qui peut \u00eatre choisi en combinaison avec les normes de construction Minergie, est entr\u00e9 sur le march\u00e9 d\u00e8s 2006. En plus de l&rsquo;\u00e9nergie grise et des \u00e9missions de gaz \u00e0 effet de serre lors de la construction, ainsi que de l&rsquo;accent mis sur l&rsquo;\u00e9conomie circulaire, vous avez d\u00e9j\u00e0 \u00e0 l&rsquo;\u00e9poque mis l&rsquo;accent sur l&rsquo;importance de la sant\u00e9 et du bien-\u00eatre dans le cadre de la construction durable. La sant\u00e9 des utilisateurs a toujours \u00e9t\u00e9 au centre des pr\u00e9occupations. Cela comprend, entre autres, la lumi\u00e8re du jour, la protection contre le bruit, les radiations et surtout les \u00e9missions provenant des mat\u00e9riaux. Le SSREI a abord\u00e9 certains de ces sujets. Pourquoi le radon et les \u00e9missions des mat\u00e9riaux de construction sont-ils par exemple des sujets importants ?<\/h5>\n<p>Selon l&rsquo;Office f\u00e9d\u00e9ral de la sant\u00e9 publique, le radon en Suisse est \u00e0 l&rsquo;origine de 200 \u00e0 300 d\u00e9c\u00e8s par an. Apr\u00e8s le tabagisme, le radon est la deuxi\u00e8me cause la plus fr\u00e9quente de cancer du poumon. Le radon radioactif est g\u00e9n\u00e9ralement sous-estim\u00e9. M\u00eame avec une \u00e9valuation des risques faible, il peut y avoir un risque pour la sant\u00e9 des occupants des appartements en sous-sol et au rez-de-chauss\u00e9e, directement au-dessus du sol. Ce risque pour la sant\u00e9 peut \u00eatre att\u00e9nu\u00e9 par des mesures de construction simples. Dans le suppl\u00e9ment ECO, nous prescrivons des mesures \u00e0 cet effet et exigeons donc une mesure.<\/p>\n<p>Les polluants dans l&rsquo;air int\u00e9rieur proviennent de diverses sources et sont donc un sujet important, notamment parce que nous construisons des b\u00e2timents \u00e9tanches. Certaines sources de pollution peuvent causer des probl\u00e8mes pendant des ann\u00e9es. C&rsquo;est pourquoi il est judicieux de pr\u00eater attention \u00e0 ce sujet lors de la construction neuve ou de la r\u00e9novation. Souvent, il existe des r\u00e9glementations au niveau des produits de construction, mais celles-ci ne tiennent pas compte des quantit\u00e9s utilis\u00e9es \u00e0 l&rsquo;int\u00e9rieur des b\u00e2timents. Que ce soit le formald\u00e9hyde, les solvants et autres compos\u00e9s susceptibles de d\u00e9clencher des allergies, il existe des produits de construction alternatifs qui \u00e9mettent moins ou pas de polluants dans l&rsquo;air int\u00e9rieur.<\/p>\n<p>Une bonne explication est <span style=\"color: #ff9900;\"><a style=\"color: #ff9900;\" href=\"https:\/\/www.ecobau.ch\/fr\/themes\/climat-interieur-sain\" target=\"_blank\" rel=\"noopener\">La fiche d&rsquo;information Climat int\u00e9rieur sain<\/a><\/span> ecobau, qui explique les diff\u00e9rents polluants et ce que l&rsquo;on peut faire contre eux. En choisissant des <span style=\"color: #ff9900;\"><a style=\"color: #ff9900;\" href=\"https:\/\/www.ecobau.ch\/fr\/instruments\/ecoproduits_1\" target=\"_blank\" rel=\"noopener\">ecoProduits<\/a><\/span>, il est possible de s\u00e9lectionner des produits concrets qui n&rsquo;\u00e9mettent pas de polluants dans l&rsquo;air int\u00e9rieur.<\/p>\n<p>&nbsp;<\/p>\n<p><a ref=\"magnificPopup\" href=\"https:\/\/ssrei.ch\/wp-content\/uploads\/2024\/04\/2201_Marianne_Fotos_08-scaled.jpg\"><img loading=\"lazy\" decoding=\"async\" class=\"alignleft wp-image-11227 size-medium\" src=\"https:\/\/ssrei.ch\/wp-content\/uploads\/2024\/04\/2201_Marianne_Fotos_08-200x300.jpg\" alt=\"\" width=\"200\" height=\"300\" srcset=\"https:\/\/ssrei.ch\/wp-content\/uploads\/2024\/04\/2201_Marianne_Fotos_08-200x300.jpg 200w, https:\/\/ssrei.ch\/wp-content\/uploads\/2024\/04\/2201_Marianne_Fotos_08-683x1024.jpg 683w, https:\/\/ssrei.ch\/wp-content\/uploads\/2024\/04\/2201_Marianne_Fotos_08-67x100.jpg 67w, https:\/\/ssrei.ch\/wp-content\/uploads\/2024\/04\/2201_Marianne_Fotos_08-133x200.jpg 133w, https:\/\/ssrei.ch\/wp-content\/uploads\/2024\/04\/2201_Marianne_Fotos_08-267x400.jpg 267w, https:\/\/ssrei.ch\/wp-content\/uploads\/2024\/04\/2201_Marianne_Fotos_08-100x150.jpg 100w, https:\/\/ssrei.ch\/wp-content\/uploads\/2024\/04\/2201_Marianne_Fotos_08-scaled.jpg 1707w\" sizes=\"auto, (max-width: 200px) 100vw, 200px\" \/><\/a><\/p>\n<p>A propos de la personne : Marianne St\u00e4hler est directrice de l&rsquo;association ecobau depuis 2021 et travaille dans le domaine de la construction durable pour ecobau et d&rsquo;autres clients depuis plus de 9 ans. Avec un dipl\u00f4me de l&rsquo;Universit\u00e9 de Saint-Gall (HSG) et de l&rsquo;Universit\u00e9 de B\u00e2le en d\u00e9veloppement durable, elle combine des connaissances \u00e9conomiques, sociales et environnementales dans le domaine des b\u00e2timents et de la construction. Gr\u00e2ce \u00e0 ses nombreuses ann\u00e9es d&rsquo;exp\u00e9rience en tant que consultante chez PwC et IBM, elle comprend diff\u00e9rentes perspectives sur ces sujets.<\/p>\n","protected":false},"excerpt":{"rendered":"<p>Madame St\u00e4hler, l&rsquo;ajout du label de b\u00e2timent \u00ab ECO \u00bb, qui peut \u00eatre choisi en combinaison avec les normes de construction Minergie, est entr\u00e9 sur le march\u00e9 d\u00e8s 2006. En plus de l&rsquo;\u00e9nergie grise et des \u00e9missions de gaz \u00e0 effet de serre lors de la construction, ainsi que de l&rsquo;accent mis sur l&rsquo;\u00e9conomie circulaire,&#8230;<\/p>\n","protected":false},"author":5,"featured_media":10695,"comment_status":"closed","ping_status":"open","sticky":false,"template":"","format":"standard","meta":{"_acf_changed":false,"footnotes":""},"categories":[9],"tags":[],"class_list":["post-11276","post","type-post","status-publish","format-standard","has-post-thumbnail","hentry","category-non-classifiee"],"acf":[],"yoast_head":"<!-- This site is optimized with the Yoast SEO plugin v27.2 - https:\/\/yoast.com\/product\/yoast-seo-wordpress\/ -->\n<title>Une question \u00e0 Marianne St\u00e4hler, directrice de l&#039;association ecobau - SSREI<\/title>\n<meta name=\"robots\" content=\"index, follow, max-snippet:-1, max-image-preview:large, max-video-preview:-1\" \/>\n<link rel=\"canonical\" href=\"https:\/\/ssrei.ch\/fr\/une-question-a-marianne-staehler-directrice-de-lassociation-ecobau\/\" \/>\n<meta property=\"og:locale\" content=\"fr_FR\" \/>\n<meta property=\"og:type\" content=\"article\" \/>\n<meta property=\"og:title\" content=\"Une question \u00e0 Marianne St\u00e4hler, directrice de l&#039;association ecobau - SSREI\" \/>\n<meta property=\"og:description\" content=\"Madame St\u00e4hler, l&rsquo;ajout du label de b\u00e2timent \u00ab ECO \u00bb, qui peut \u00eatre choisi en combinaison avec les normes de construction Minergie, est entr\u00e9 sur le march\u00e9 d\u00e8s 2006. En plus de l&rsquo;\u00e9nergie grise et des \u00e9missions de gaz \u00e0 effet de serre lors de la construction, ainsi que de l&rsquo;accent mis sur l&rsquo;\u00e9conomie circulaire,...\" \/>\n<meta property=\"og:url\" content=\"https:\/\/ssrei.ch\/fr\/une-question-a-marianne-staehler-directrice-de-lassociation-ecobau\/\" \/>\n<meta property=\"og:site_name\" content=\"SSREI\" \/>\n<meta property=\"article:published_time\" content=\"2024-04-29T12:03:33+00:00\" \/>\n<meta property=\"article:modified_time\" content=\"2024-04-30T09:20:38+00:00\" \/>\n<meta property=\"og:image\" content=\"https:\/\/ssrei.ch\/wp-content\/uploads\/2023\/11\/Layoutbild.jpg\" \/>\n\t<meta property=\"og:image:width\" content=\"1000\" \/>\n\t<meta property=\"og:image:height\" content=\"667\" \/>\n\t<meta property=\"og:image:type\" content=\"image\/jpeg\" \/>\n<meta name=\"author\" content=\"Elodie Gadola\" \/>\n<meta name=\"twitter:card\" content=\"summary_large_image\" \/>\n<meta name=\"twitter:label1\" content=\"\u00c9crit par\" \/>\n\t<meta name=\"twitter:data1\" content=\"Elodie Gadola\" \/>\n\t<meta name=\"twitter:label2\" content=\"Dur\u00e9e de lecture estim\u00e9e\" \/>\n\t<meta name=\"twitter:data2\" content=\"3 minutes\" \/>\n<script type=\"application\/ld+json\" class=\"yoast-schema-graph\">{\"@context\":\"https:\/\/schema.org\",\"@graph\":[{\"@type\":\"Article\",\"@id\":\"https:\/\/ssrei.ch\/fr\/une-question-a-marianne-staehler-directrice-de-lassociation-ecobau\/#article\",\"isPartOf\":{\"@id\":\"https:\/\/ssrei.ch\/fr\/une-question-a-marianne-staehler-directrice-de-lassociation-ecobau\/\"},\"author\":{\"name\":\"Elodie Gadola\",\"@id\":\"https:\/\/ssrei.ch\/#\/schema\/person\/7b00af919b1c488cf92a41df137eb49f\"},\"headline\":\"Une question \u00e0 Marianne St\u00e4hler, directrice de l&rsquo;association ecobau\",\"datePublished\":\"2024-04-29T12:03:33+00:00\",\"dateModified\":\"2024-04-30T09:20:38+00:00\",\"mainEntityOfPage\":{\"@id\":\"https:\/\/ssrei.ch\/fr\/une-question-a-marianne-staehler-directrice-de-lassociation-ecobau\/\"},\"wordCount\":545,\"image\":{\"@id\":\"https:\/\/ssrei.ch\/fr\/une-question-a-marianne-staehler-directrice-de-lassociation-ecobau\/#primaryimage\"},\"thumbnailUrl\":\"https:\/\/ssrei.ch\/wp-content\/uploads\/2023\/11\/Layoutbild.jpg\",\"articleSection\":[\"Non classifi\u00e9(e)\"],\"inLanguage\":\"fr-FR\"},{\"@type\":\"WebPage\",\"@id\":\"https:\/\/ssrei.ch\/fr\/une-question-a-marianne-staehler-directrice-de-lassociation-ecobau\/\",\"url\":\"https:\/\/ssrei.ch\/fr\/une-question-a-marianne-staehler-directrice-de-lassociation-ecobau\/\",\"name\":\"Une question \u00e0 Marianne St\u00e4hler, directrice de l'association ecobau - SSREI\",\"isPartOf\":{\"@id\":\"https:\/\/ssrei.ch\/#website\"},\"primaryImageOfPage\":{\"@id\":\"https:\/\/ssrei.ch\/fr\/une-question-a-marianne-staehler-directrice-de-lassociation-ecobau\/#primaryimage\"},\"image\":{\"@id\":\"https:\/\/ssrei.ch\/fr\/une-question-a-marianne-staehler-directrice-de-lassociation-ecobau\/#primaryimage\"},\"thumbnailUrl\":\"https:\/\/ssrei.ch\/wp-content\/uploads\/2023\/11\/Layoutbild.jpg\",\"datePublished\":\"2024-04-29T12:03:33+00:00\",\"dateModified\":\"2024-04-30T09:20:38+00:00\",\"author\":{\"@id\":\"https:\/\/ssrei.ch\/#\/schema\/person\/7b00af919b1c488cf92a41df137eb49f\"},\"breadcrumb\":{\"@id\":\"https:\/\/ssrei.ch\/fr\/une-question-a-marianne-staehler-directrice-de-lassociation-ecobau\/#breadcrumb\"},\"inLanguage\":\"fr-FR\",\"potentialAction\":[{\"@type\":\"ReadAction\",\"target\":[\"https:\/\/ssrei.ch\/fr\/une-question-a-marianne-staehler-directrice-de-lassociation-ecobau\/\"]}]},{\"@type\":\"ImageObject\",\"inLanguage\":\"fr-FR\",\"@id\":\"https:\/\/ssrei.ch\/fr\/une-question-a-marianne-staehler-directrice-de-lassociation-ecobau\/#primaryimage\",\"url\":\"https:\/\/ssrei.ch\/wp-content\/uploads\/2023\/11\/Layoutbild.jpg\",\"contentUrl\":\"https:\/\/ssrei.ch\/wp-content\/uploads\/2023\/11\/Layoutbild.jpg\",\"width\":1000,\"height\":667},{\"@type\":\"BreadcrumbList\",\"@id\":\"https:\/\/ssrei.ch\/fr\/une-question-a-marianne-staehler-directrice-de-lassociation-ecobau\/#breadcrumb\",\"itemListElement\":[{\"@type\":\"ListItem\",\"position\":1,\"name\":\"Home\",\"item\":\"https:\/\/ssrei.ch\/fr\/\"},{\"@type\":\"ListItem\",\"position\":2,\"name\":\"Une question \u00e0 Marianne St\u00e4hler, directrice de l&#8217;association ecobau\"}]},{\"@type\":\"WebSite\",\"@id\":\"https:\/\/ssrei.ch\/#website\",\"url\":\"https:\/\/ssrei.ch\/\",\"name\":\"SSREI\",\"description\":\"Swiss Sustainable Real Estate Index\",\"potentialAction\":[{\"@type\":\"SearchAction\",\"target\":{\"@type\":\"EntryPoint\",\"urlTemplate\":\"https:\/\/ssrei.ch\/?s={search_term_string}\"},\"query-input\":{\"@type\":\"PropertyValueSpecification\",\"valueRequired\":true,\"valueName\":\"search_term_string\"}}],\"inLanguage\":\"fr-FR\"},{\"@type\":\"Person\",\"@id\":\"https:\/\/ssrei.ch\/#\/schema\/person\/7b00af919b1c488cf92a41df137eb49f\",\"name\":\"Elodie Gadola\",\"url\":\"https:\/\/ssrei.ch\/fr\/author\/elodie-gadola\/\"}]}<\/script>\n<!-- \/ Yoast SEO plugin. -->","yoast_head_json":{"title":"Une question \u00e0 Marianne St\u00e4hler, directrice de l'association ecobau - SSREI","robots":{"index":"index","follow":"follow","max-snippet":"max-snippet:-1","max-image-preview":"max-image-preview:large","max-video-preview":"max-video-preview:-1"},"canonical":"https:\/\/ssrei.ch\/fr\/une-question-a-marianne-staehler-directrice-de-lassociation-ecobau\/","og_locale":"fr_FR","og_type":"article","og_title":"Une question \u00e0 Marianne St\u00e4hler, directrice de l'association ecobau - SSREI","og_description":"Madame St\u00e4hler, l&rsquo;ajout du label de b\u00e2timent \u00ab ECO \u00bb, qui peut \u00eatre choisi en combinaison avec les normes de construction Minergie, est entr\u00e9 sur le march\u00e9 d\u00e8s 2006. En plus de l&rsquo;\u00e9nergie grise et des \u00e9missions de gaz \u00e0 effet de serre lors de la construction, ainsi que de l&rsquo;accent mis sur l&rsquo;\u00e9conomie circulaire,...","og_url":"https:\/\/ssrei.ch\/fr\/une-question-a-marianne-staehler-directrice-de-lassociation-ecobau\/","og_site_name":"SSREI","article_published_time":"2024-04-29T12:03:33+00:00","article_modified_time":"2024-04-30T09:20:38+00:00","og_image":[{"width":1000,"height":667,"url":"https:\/\/ssrei.ch\/wp-content\/uploads\/2023\/11\/Layoutbild.jpg","type":"image\/jpeg"}],"author":"Elodie Gadola","twitter_card":"summary_large_image","twitter_misc":{"\u00c9crit par":"Elodie Gadola","Dur\u00e9e de lecture estim\u00e9e":"3 minutes"},"schema":{"@context":"https:\/\/schema.org","@graph":[{"@type":"Article","@id":"https:\/\/ssrei.ch\/fr\/une-question-a-marianne-staehler-directrice-de-lassociation-ecobau\/#article","isPartOf":{"@id":"https:\/\/ssrei.ch\/fr\/une-question-a-marianne-staehler-directrice-de-lassociation-ecobau\/"},"author":{"name":"Elodie Gadola","@id":"https:\/\/ssrei.ch\/#\/schema\/person\/7b00af919b1c488cf92a41df137eb49f"},"headline":"Une question \u00e0 Marianne St\u00e4hler, directrice de l&rsquo;association ecobau","datePublished":"2024-04-29T12:03:33+00:00","dateModified":"2024-04-30T09:20:38+00:00","mainEntityOfPage":{"@id":"https:\/\/ssrei.ch\/fr\/une-question-a-marianne-staehler-directrice-de-lassociation-ecobau\/"},"wordCount":545,"image":{"@id":"https:\/\/ssrei.ch\/fr\/une-question-a-marianne-staehler-directrice-de-lassociation-ecobau\/#primaryimage"},"thumbnailUrl":"https:\/\/ssrei.ch\/wp-content\/uploads\/2023\/11\/Layoutbild.jpg","articleSection":["Non classifi\u00e9(e)"],"inLanguage":"fr-FR"},{"@type":"WebPage","@id":"https:\/\/ssrei.ch\/fr\/une-question-a-marianne-staehler-directrice-de-lassociation-ecobau\/","url":"https:\/\/ssrei.ch\/fr\/une-question-a-marianne-staehler-directrice-de-lassociation-ecobau\/","name":"Une question \u00e0 Marianne St\u00e4hler, directrice de l'association ecobau - SSREI","isPartOf":{"@id":"https:\/\/ssrei.ch\/#website"},"primaryImageOfPage":{"@id":"https:\/\/ssrei.ch\/fr\/une-question-a-marianne-staehler-directrice-de-lassociation-ecobau\/#primaryimage"},"image":{"@id":"https:\/\/ssrei.ch\/fr\/une-question-a-marianne-staehler-directrice-de-lassociation-ecobau\/#primaryimage"},"thumbnailUrl":"https:\/\/ssrei.ch\/wp-content\/uploads\/2023\/11\/Layoutbild.jpg","datePublished":"2024-04-29T12:03:33+00:00","dateModified":"2024-04-30T09:20:38+00:00","author":{"@id":"https:\/\/ssrei.ch\/#\/schema\/person\/7b00af919b1c488cf92a41df137eb49f"},"breadcrumb":{"@id":"https:\/\/ssrei.ch\/fr\/une-question-a-marianne-staehler-directrice-de-lassociation-ecobau\/#breadcrumb"},"inLanguage":"fr-FR","potentialAction":[{"@type":"ReadAction","target":["https:\/\/ssrei.ch\/fr\/une-question-a-marianne-staehler-directrice-de-lassociation-ecobau\/"]}]},{"@type":"ImageObject","inLanguage":"fr-FR","@id":"https:\/\/ssrei.ch\/fr\/une-question-a-marianne-staehler-directrice-de-lassociation-ecobau\/#primaryimage","url":"https:\/\/ssrei.ch\/wp-content\/uploads\/2023\/11\/Layoutbild.jpg","contentUrl":"https:\/\/ssrei.ch\/wp-content\/uploads\/2023\/11\/Layoutbild.jpg","width":1000,"height":667},{"@type":"BreadcrumbList","@id":"https:\/\/ssrei.ch\/fr\/une-question-a-marianne-staehler-directrice-de-lassociation-ecobau\/#breadcrumb","itemListElement":[{"@type":"ListItem","position":1,"name":"Home","item":"https:\/\/ssrei.ch\/fr\/"},{"@type":"ListItem","position":2,"name":"Une question \u00e0 Marianne St\u00e4hler, directrice de l&#8217;association ecobau"}]},{"@type":"WebSite","@id":"https:\/\/ssrei.ch\/#website","url":"https:\/\/ssrei.ch\/","name":"SSREI","description":"Swiss Sustainable Real Estate Index","potentialAction":[{"@type":"SearchAction","target":{"@type":"EntryPoint","urlTemplate":"https:\/\/ssrei.ch\/?s={search_term_string}"},"query-input":{"@type":"PropertyValueSpecification","valueRequired":true,"valueName":"search_term_string"}}],"inLanguage":"fr-FR"},{"@type":"Person","@id":"https:\/\/ssrei.ch\/#\/schema\/person\/7b00af919b1c488cf92a41df137eb49f","name":"Elodie Gadola","url":"https:\/\/ssrei.ch\/fr\/author\/elodie-gadola\/"}]}},"_links":{"self":[{"href":"https:\/\/ssrei.ch\/fr\/wp-json\/wp\/v2\/posts\/11276","targetHints":{"allow":["GET"]}}],"collection":[{"href":"https:\/\/ssrei.ch\/fr\/wp-json\/wp\/v2\/posts"}],"about":[{"href":"https:\/\/ssrei.ch\/fr\/wp-json\/wp\/v2\/types\/post"}],"author":[{"embeddable":true,"href":"https:\/\/ssrei.ch\/fr\/wp-json\/wp\/v2\/users\/5"}],"replies":[{"embeddable":true,"href":"https:\/\/ssrei.ch\/fr\/wp-json\/wp\/v2\/comments?post=11276"}],"version-history":[{"count":4,"href":"https:\/\/ssrei.ch\/fr\/wp-json\/wp\/v2\/posts\/11276\/revisions"}],"predecessor-version":[{"id":11344,"href":"https:\/\/ssrei.ch\/fr\/wp-json\/wp\/v2\/posts\/11276\/revisions\/11344"}],"wp:featuredmedia":[{"embeddable":true,"href":"https:\/\/ssrei.ch\/fr\/wp-json\/wp\/v2\/media\/10695"}],"wp:attachment":[{"href":"https:\/\/ssrei.ch\/fr\/wp-json\/wp\/v2\/media?parent=11276"}],"wp:term":[{"taxonomy":"category","embeddable":true,"href":"https:\/\/ssrei.ch\/fr\/wp-json\/wp\/v2\/categories?post=11276"},{"taxonomy":"post_tag","embeddable":true,"href":"https:\/\/ssrei.ch\/fr\/wp-json\/wp\/v2\/tags?post=11276"}],"curies":[{"name":"wp","href":"https:\/\/api.w.org\/{rel}","templated":true}]}}