{"id":10815,"date":"2024-01-30T15:56:03","date_gmt":"2024-01-30T13:56:03","guid":{"rendered":"https:\/\/ssrei.ch\/retrospective-du-salon-immobilier-immo24\/"},"modified":"2024-06-21T16:57:23","modified_gmt":"2024-06-21T14:57:23","slug":"retrospective-du-salon-immobilier-immo24","status":"publish","type":"post","link":"https:\/\/ssrei.ch\/fr\/retrospective-du-salon-immobilier-immo24\/","title":{"rendered":"R\u00e9trospective du salon immobilier IMMO24"},"content":{"rendered":"<h5>En tant qu&rsquo;exposant du salon immobilier suisse destin\u00e9 aux investisseurs, nous revenons sur un \u00e9v\u00e9nement extr\u00eamement r\u00e9ussi.<\/h5>\n<p>Avec la participation de plus de 4 300 professionnels et la pr\u00e9sence de plus de 150 exposants, la 12\u00e8me \u00e9dition du Salon suisse de l&rsquo;immobilier pour les investisseurs, qui s&rsquo;est d\u00e9roul\u00e9e les 17 et 18 janvier, a une fois de plus atteint des niveaux record. Nous \u00e9tions \u00e9galement pr\u00e9sents en tant qu&rsquo;exposants cette ann\u00e9e et nous pouvons dresser un bilan tr\u00e8s positif.<\/p>\n<p>Les deux jours de salon ont \u00e9t\u00e9 marqu\u00e9s par de nombreuses discussions passionnantes, des tables rondes inspirantes et un r\u00e9seautage simple. Nous avons profit\u00e9 de cette rencontre de l&rsquo;industrie de haut niveau pour \u00e9changer avec nos membres et partenaires sur les tendances et \u00e9volutions actuelles dans le domaine de la transformation durable du parc immobilier.<\/p>\n<h5>Focalisation sur la durabilit\u00e9 et int\u00e9r\u00eat pour le SSREI<\/h5>\n<p>Nous avons \u00e9t\u00e9 particuli\u00e8rement impressionn\u00e9s par l&rsquo;int\u00e9r\u00eat grandissant et constant pour le SSREI, qui s&rsquo;affirme de plus en plus comme une norme pour l&rsquo;\u00e9valuation durable des actifs existants. L&rsquo;\u00e9v\u00e9nement a g\u00e9n\u00e9ralement mis fortement l&rsquo;accent sur la durabilit\u00e9, et il est encourageant de constater que les gestionnaires d&rsquo;actifs se penchent de plus en plus sur cette question de mani\u00e8re globale.<\/p>\n<p>Nous nous r\u00e9jouissons maintenant de poursuivre les \u00e9changes avec nos clients et les acteurs int\u00e9ress\u00e9s, et nous vous invitons d\u00e8s aujourd&rsquo;hui \u00e0 r\u00e9server les 15 et 16 janvier 2025 dans votre agenda \u2013 c&rsquo;est \u00e0 cette date que se tiendra l&rsquo;IMMO25, une fois de plus \u00e0 la Halle 622 \u00e0 Zurich Oerlikon.<\/p>\n<p><span style=\"color: #ff9900;\"><a style=\"color: #ff9900;\" href=\"https:\/\/fr.swisspropertyfair.ch\/retrospective\" target=\"_blank\" rel=\"noopener\">Voici les impressions de l&rsquo;IMMO24<\/a><\/span><\/p>\n","protected":false},"excerpt":{"rendered":"<p>En tant qu&rsquo;exposant du salon immobilier suisse destin\u00e9 aux investisseurs, nous revenons sur un \u00e9v\u00e9nement extr\u00eamement r\u00e9ussi. Avec la participation de plus de 4 300 professionnels et la pr\u00e9sence de plus de 150 exposants, la 12\u00e8me \u00e9dition du Salon suisse de l&rsquo;immobilier pour les investisseurs, qui s&rsquo;est d\u00e9roul\u00e9e les 17 et 18 janvier, a une&#8230;<\/p>\n","protected":false},"author":5,"featured_media":10797,"comment_status":"closed","ping_status":"open","sticky":false,"template":"","format":"standard","meta":{"_acf_changed":false,"footnotes":""},"categories":[9],"tags":[],"class_list":["post-10815","post","type-post","status-publish","format-standard","has-post-thumbnail","hentry","category-non-classifiee"],"acf":[],"yoast_head":"<!-- This site is optimized with the Yoast SEO plugin v27.2 - https:\/\/yoast.com\/product\/yoast-seo-wordpress\/ -->\n<title>R\u00e9trospective du salon immobilier IMMO24 - SSREI<\/title>\n<meta name=\"robots\" content=\"index, follow, max-snippet:-1, max-image-preview:large, max-video-preview:-1\" \/>\n<link rel=\"canonical\" href=\"https:\/\/ssrei.ch\/fr\/retrospective-du-salon-immobilier-immo24\/\" \/>\n<meta property=\"og:locale\" content=\"fr_FR\" \/>\n<meta property=\"og:type\" content=\"article\" \/>\n<meta property=\"og:title\" content=\"R\u00e9trospective du salon immobilier IMMO24 - SSREI\" \/>\n<meta property=\"og:description\" content=\"En tant qu&rsquo;exposant du salon immobilier suisse destin\u00e9 aux investisseurs, nous revenons sur un \u00e9v\u00e9nement extr\u00eamement r\u00e9ussi. Avec la participation de plus de 4 300 professionnels et la pr\u00e9sence de plus de 150 exposants, la 12\u00e8me \u00e9dition du Salon suisse de l&rsquo;immobilier pour les investisseurs, qui s&rsquo;est d\u00e9roul\u00e9e les 17 et 18 janvier, a une...\" \/>\n<meta property=\"og:url\" content=\"https:\/\/ssrei.ch\/fr\/retrospective-du-salon-immobilier-immo24\/\" \/>\n<meta property=\"og:site_name\" content=\"SSREI\" \/>\n<meta property=\"article:published_time\" content=\"2024-01-30T13:56:03+00:00\" \/>\n<meta property=\"article:modified_time\" content=\"2024-06-21T14:57:23+00:00\" \/>\n<meta property=\"og:image\" content=\"https:\/\/ssrei.ch\/wp-content\/uploads\/2024\/01\/7IV01488-1024x683.jpg\" \/>\n\t<meta property=\"og:image:width\" content=\"1024\" \/>\n\t<meta property=\"og:image:height\" content=\"683\" \/>\n\t<meta property=\"og:image:type\" content=\"image\/jpeg\" \/>\n<meta name=\"author\" content=\"Elodie Gadola\" \/>\n<meta name=\"twitter:card\" content=\"summary_large_image\" \/>\n<meta name=\"twitter:label1\" content=\"\u00c9crit par\" \/>\n\t<meta name=\"twitter:data1\" content=\"Elodie Gadola\" \/>\n\t<meta name=\"twitter:label2\" content=\"Dur\u00e9e de lecture estim\u00e9e\" \/>\n\t<meta name=\"twitter:data2\" content=\"2 minutes\" \/>\n<script type=\"application\/ld+json\" class=\"yoast-schema-graph\">{\"@context\":\"https:\/\/schema.org\",\"@graph\":[{\"@type\":\"Article\",\"@id\":\"https:\/\/ssrei.ch\/fr\/retrospective-du-salon-immobilier-immo24\/#article\",\"isPartOf\":{\"@id\":\"https:\/\/ssrei.ch\/fr\/retrospective-du-salon-immobilier-immo24\/\"},\"author\":{\"name\":\"Elodie Gadola\",\"@id\":\"https:\/\/ssrei.ch\/#\/schema\/person\/7b00af919b1c488cf92a41df137eb49f\"},\"headline\":\"R\u00e9trospective du salon immobilier IMMO24\",\"datePublished\":\"2024-01-30T13:56:03+00:00\",\"dateModified\":\"2024-06-21T14:57:23+00:00\",\"mainEntityOfPage\":{\"@id\":\"https:\/\/ssrei.ch\/fr\/retrospective-du-salon-immobilier-immo24\/\"},\"wordCount\":292,\"image\":{\"@id\":\"https:\/\/ssrei.ch\/fr\/retrospective-du-salon-immobilier-immo24\/#primaryimage\"},\"thumbnailUrl\":\"https:\/\/ssrei.ch\/wp-content\/uploads\/2024\/01\/7IV01488.jpg\",\"articleSection\":[\"Non classifi\u00e9(e)\"],\"inLanguage\":\"fr-FR\"},{\"@type\":\"WebPage\",\"@id\":\"https:\/\/ssrei.ch\/fr\/retrospective-du-salon-immobilier-immo24\/\",\"url\":\"https:\/\/ssrei.ch\/fr\/retrospective-du-salon-immobilier-immo24\/\",\"name\":\"R\u00e9trospective du salon immobilier IMMO24 - SSREI\",\"isPartOf\":{\"@id\":\"https:\/\/ssrei.ch\/#website\"},\"primaryImageOfPage\":{\"@id\":\"https:\/\/ssrei.ch\/fr\/retrospective-du-salon-immobilier-immo24\/#primaryimage\"},\"image\":{\"@id\":\"https:\/\/ssrei.ch\/fr\/retrospective-du-salon-immobilier-immo24\/#primaryimage\"},\"thumbnailUrl\":\"https:\/\/ssrei.ch\/wp-content\/uploads\/2024\/01\/7IV01488.jpg\",\"datePublished\":\"2024-01-30T13:56:03+00:00\",\"dateModified\":\"2024-06-21T14:57:23+00:00\",\"author\":{\"@id\":\"https:\/\/ssrei.ch\/#\/schema\/person\/7b00af919b1c488cf92a41df137eb49f\"},\"breadcrumb\":{\"@id\":\"https:\/\/ssrei.ch\/fr\/retrospective-du-salon-immobilier-immo24\/#breadcrumb\"},\"inLanguage\":\"fr-FR\",\"potentialAction\":[{\"@type\":\"ReadAction\",\"target\":[\"https:\/\/ssrei.ch\/fr\/retrospective-du-salon-immobilier-immo24\/\"]}]},{\"@type\":\"ImageObject\",\"inLanguage\":\"fr-FR\",\"@id\":\"https:\/\/ssrei.ch\/fr\/retrospective-du-salon-immobilier-immo24\/#primaryimage\",\"url\":\"https:\/\/ssrei.ch\/wp-content\/uploads\/2024\/01\/7IV01488.jpg\",\"contentUrl\":\"https:\/\/ssrei.ch\/wp-content\/uploads\/2024\/01\/7IV01488.jpg\",\"width\":2250,\"height\":1500},{\"@type\":\"BreadcrumbList\",\"@id\":\"https:\/\/ssrei.ch\/fr\/retrospective-du-salon-immobilier-immo24\/#breadcrumb\",\"itemListElement\":[{\"@type\":\"ListItem\",\"position\":1,\"name\":\"Home\",\"item\":\"https:\/\/ssrei.ch\/fr\/\"},{\"@type\":\"ListItem\",\"position\":2,\"name\":\"R\u00e9trospective du salon immobilier IMMO24\"}]},{\"@type\":\"WebSite\",\"@id\":\"https:\/\/ssrei.ch\/#website\",\"url\":\"https:\/\/ssrei.ch\/\",\"name\":\"SSREI\",\"description\":\"Swiss Sustainable Real Estate Index\",\"potentialAction\":[{\"@type\":\"SearchAction\",\"target\":{\"@type\":\"EntryPoint\",\"urlTemplate\":\"https:\/\/ssrei.ch\/?s={search_term_string}\"},\"query-input\":{\"@type\":\"PropertyValueSpecification\",\"valueRequired\":true,\"valueName\":\"search_term_string\"}}],\"inLanguage\":\"fr-FR\"},{\"@type\":\"Person\",\"@id\":\"https:\/\/ssrei.ch\/#\/schema\/person\/7b00af919b1c488cf92a41df137eb49f\",\"name\":\"Elodie Gadola\",\"url\":\"https:\/\/ssrei.ch\/fr\/author\/elodie-gadola\/\"}]}<\/script>\n<!-- \/ Yoast SEO plugin. -->","yoast_head_json":{"title":"R\u00e9trospective du salon immobilier IMMO24 - SSREI","robots":{"index":"index","follow":"follow","max-snippet":"max-snippet:-1","max-image-preview":"max-image-preview:large","max-video-preview":"max-video-preview:-1"},"canonical":"https:\/\/ssrei.ch\/fr\/retrospective-du-salon-immobilier-immo24\/","og_locale":"fr_FR","og_type":"article","og_title":"R\u00e9trospective du salon immobilier IMMO24 - SSREI","og_description":"En tant qu&rsquo;exposant du salon immobilier suisse destin\u00e9 aux investisseurs, nous revenons sur un \u00e9v\u00e9nement extr\u00eamement r\u00e9ussi. Avec la participation de plus de 4 300 professionnels et la pr\u00e9sence de plus de 150 exposants, la 12\u00e8me \u00e9dition du Salon suisse de l&rsquo;immobilier pour les investisseurs, qui s&rsquo;est d\u00e9roul\u00e9e les 17 et 18 janvier, a une...","og_url":"https:\/\/ssrei.ch\/fr\/retrospective-du-salon-immobilier-immo24\/","og_site_name":"SSREI","article_published_time":"2024-01-30T13:56:03+00:00","article_modified_time":"2024-06-21T14:57:23+00:00","og_image":[{"width":1024,"height":683,"url":"https:\/\/ssrei.ch\/wp-content\/uploads\/2024\/01\/7IV01488-1024x683.jpg","type":"image\/jpeg"}],"author":"Elodie Gadola","twitter_card":"summary_large_image","twitter_misc":{"\u00c9crit par":"Elodie Gadola","Dur\u00e9e de lecture estim\u00e9e":"2 minutes"},"schema":{"@context":"https:\/\/schema.org","@graph":[{"@type":"Article","@id":"https:\/\/ssrei.ch\/fr\/retrospective-du-salon-immobilier-immo24\/#article","isPartOf":{"@id":"https:\/\/ssrei.ch\/fr\/retrospective-du-salon-immobilier-immo24\/"},"author":{"name":"Elodie Gadola","@id":"https:\/\/ssrei.ch\/#\/schema\/person\/7b00af919b1c488cf92a41df137eb49f"},"headline":"R\u00e9trospective du salon immobilier IMMO24","datePublished":"2024-01-30T13:56:03+00:00","dateModified":"2024-06-21T14:57:23+00:00","mainEntityOfPage":{"@id":"https:\/\/ssrei.ch\/fr\/retrospective-du-salon-immobilier-immo24\/"},"wordCount":292,"image":{"@id":"https:\/\/ssrei.ch\/fr\/retrospective-du-salon-immobilier-immo24\/#primaryimage"},"thumbnailUrl":"https:\/\/ssrei.ch\/wp-content\/uploads\/2024\/01\/7IV01488.jpg","articleSection":["Non classifi\u00e9(e)"],"inLanguage":"fr-FR"},{"@type":"WebPage","@id":"https:\/\/ssrei.ch\/fr\/retrospective-du-salon-immobilier-immo24\/","url":"https:\/\/ssrei.ch\/fr\/retrospective-du-salon-immobilier-immo24\/","name":"R\u00e9trospective du salon immobilier IMMO24 - SSREI","isPartOf":{"@id":"https:\/\/ssrei.ch\/#website"},"primaryImageOfPage":{"@id":"https:\/\/ssrei.ch\/fr\/retrospective-du-salon-immobilier-immo24\/#primaryimage"},"image":{"@id":"https:\/\/ssrei.ch\/fr\/retrospective-du-salon-immobilier-immo24\/#primaryimage"},"thumbnailUrl":"https:\/\/ssrei.ch\/wp-content\/uploads\/2024\/01\/7IV01488.jpg","datePublished":"2024-01-30T13:56:03+00:00","dateModified":"2024-06-21T14:57:23+00:00","author":{"@id":"https:\/\/ssrei.ch\/#\/schema\/person\/7b00af919b1c488cf92a41df137eb49f"},"breadcrumb":{"@id":"https:\/\/ssrei.ch\/fr\/retrospective-du-salon-immobilier-immo24\/#breadcrumb"},"inLanguage":"fr-FR","potentialAction":[{"@type":"ReadAction","target":["https:\/\/ssrei.ch\/fr\/retrospective-du-salon-immobilier-immo24\/"]}]},{"@type":"ImageObject","inLanguage":"fr-FR","@id":"https:\/\/ssrei.ch\/fr\/retrospective-du-salon-immobilier-immo24\/#primaryimage","url":"https:\/\/ssrei.ch\/wp-content\/uploads\/2024\/01\/7IV01488.jpg","contentUrl":"https:\/\/ssrei.ch\/wp-content\/uploads\/2024\/01\/7IV01488.jpg","width":2250,"height":1500},{"@type":"BreadcrumbList","@id":"https:\/\/ssrei.ch\/fr\/retrospective-du-salon-immobilier-immo24\/#breadcrumb","itemListElement":[{"@type":"ListItem","position":1,"name":"Home","item":"https:\/\/ssrei.ch\/fr\/"},{"@type":"ListItem","position":2,"name":"R\u00e9trospective du salon immobilier IMMO24"}]},{"@type":"WebSite","@id":"https:\/\/ssrei.ch\/#website","url":"https:\/\/ssrei.ch\/","name":"SSREI","description":"Swiss Sustainable Real Estate Index","potentialAction":[{"@type":"SearchAction","target":{"@type":"EntryPoint","urlTemplate":"https:\/\/ssrei.ch\/?s={search_term_string}"},"query-input":{"@type":"PropertyValueSpecification","valueRequired":true,"valueName":"search_term_string"}}],"inLanguage":"fr-FR"},{"@type":"Person","@id":"https:\/\/ssrei.ch\/#\/schema\/person\/7b00af919b1c488cf92a41df137eb49f","name":"Elodie Gadola","url":"https:\/\/ssrei.ch\/fr\/author\/elodie-gadola\/"}]}},"_links":{"self":[{"href":"https:\/\/ssrei.ch\/fr\/wp-json\/wp\/v2\/posts\/10815","targetHints":{"allow":["GET"]}}],"collection":[{"href":"https:\/\/ssrei.ch\/fr\/wp-json\/wp\/v2\/posts"}],"about":[{"href":"https:\/\/ssrei.ch\/fr\/wp-json\/wp\/v2\/types\/post"}],"author":[{"embeddable":true,"href":"https:\/\/ssrei.ch\/fr\/wp-json\/wp\/v2\/users\/5"}],"replies":[{"embeddable":true,"href":"https:\/\/ssrei.ch\/fr\/wp-json\/wp\/v2\/comments?post=10815"}],"version-history":[{"count":3,"href":"https:\/\/ssrei.ch\/fr\/wp-json\/wp\/v2\/posts\/10815\/revisions"}],"predecessor-version":[{"id":11535,"href":"https:\/\/ssrei.ch\/fr\/wp-json\/wp\/v2\/posts\/10815\/revisions\/11535"}],"wp:featuredmedia":[{"embeddable":true,"href":"https:\/\/ssrei.ch\/fr\/wp-json\/wp\/v2\/media\/10797"}],"wp:attachment":[{"href":"https:\/\/ssrei.ch\/fr\/wp-json\/wp\/v2\/media?parent=10815"}],"wp:term":[{"taxonomy":"category","embeddable":true,"href":"https:\/\/ssrei.ch\/fr\/wp-json\/wp\/v2\/categories?post=10815"},{"taxonomy":"post_tag","embeddable":true,"href":"https:\/\/ssrei.ch\/fr\/wp-json\/wp\/v2\/tags?post=10815"}],"curies":[{"name":"wp","href":"https:\/\/api.w.org\/{rel}","templated":true}]}}